{"id":2795,"date":"2018-11-13T13:26:09","date_gmt":"2018-11-13T11:26:09","guid":{"rendered":"https:\/\/tgd.info\/brufaganya001\/?p=2795"},"modified":"2019-02-10T14:10:34","modified_gmt":"2019-02-10T12:10:34","slug":"fr-tomas-ripoll-mestre-de-lordre-dels-dominics-s-xviii","status":"publish","type":"post","link":"https:\/\/brufaganya.cat\/2020\/fr-tomas-ripoll-mestre-de-lordre-dels-dominics-s-xviii\/","title":{"rendered":"Fr. Tom\u00e1s Ripoll, Mestre de l&#8217;Ordre dels Dominics. S. XVIII"},"content":{"rendered":"<p>Fr. Tom\u00e1s Ripoll, de Tarragona, el dominic que pag\u00e0 la f\u00e0brica (edifici) de l&#8217;actual Santuari de <strong>Sant Mag\u00ed de la Brufaganya<\/strong>, fou Mestre de l&#8217;Ordre dels Dominics. Tenia com a funcions: Cap del poder executiu i judicial dels dominics, entre Cap\u00edtols.<\/p>\n<p><a href=\"https:\/\/www.dominicos.org\/quienes-somos\/historia-de-los-dominicos\/maestros-de-la-orden\/\" target=\"_blank\" rel=\"noopener\"><strong>Veure H\u00aa Dominics<\/strong><\/a><\/p>\n<p><strong>&#8220;62. 1725-47: Fr. Tom\u00e1s Ripoll<\/strong>, de Tarragona, Provincia de Arag\u00f3n. En 1702 socio del Maestro Cloche con el t\u00edtulo de Provincial de Tierra Santa, y del Maestro Pipia. En 1722 Provincial de Arag\u00f3n. Muri\u00f3 en Roma el 22 de septiembre de 1747, a los 95 a\u00f1os.<\/p>\n<p>A Santo Domingo se le dio este nombre cuando comenz\u00f3 a predicar en el sur de Francia, como aparece en algunos documentos: &#8220;<em>Prior y maestro de los predicadores<\/em>&#8220;. En el Cap\u00edtulo General de la Orden que se celebr\u00f3 en Bolonia en 1221 se decidi\u00f3 dar el nombre de &#8220;Maestro&#8221; al superior de toda la Orden. A lo largo de la historia se le ha llamado Maestro General, General de la Orden&#8230; En la actualidad su nombre es <strong>Maestro de la Orden LCO 1,VII; 17,II; 396ss&#8230;<\/strong><\/p>\n<p>El gobierno del Maestro de la Orden tiene unas caracter\u00edsticas notables, ya que es cabeza del poder ejecutivo y judicial durante el tiempo intermedio entre la celebraci\u00f3n de los Cap\u00edtulos Generales&#8230;&#8221;<\/p>\n<p>Font: <strong><a href=\"https:\/\/www.dominicos.org\/quienes-somos\/historia-de-los-dominicos\/maestros-de-la-orden\/\" target=\"_blank\" rel=\"noopener\">H\u00aa dels Dominics<\/a>.<\/strong><\/p>\n","protected":false},"excerpt":{"rendered":"<p>Fr. Tom\u00e1s Ripoll, de Tarragona, el dominic que pag\u00e0 la f\u00e0brica (edifici) de l&#8217;actual Santuari de Sant Mag\u00ed de la Brufaganya, fou Mestre de l&#8217;Ordre dels Dominics. Tenia com a [&hellip;]<\/p>\n","protected":false},"author":1,"featured_media":2796,"comment_status":"open","ping_status":"closed","sticky":false,"template":"","format":"standard","meta":{"inline_featured_image":false,"footnotes":""},"categories":[778],"tags":[795,789,790,791,792],"class_list":["post-2795","post","type-post","status-publish","format-standard","has-post-thumbnail","hentry","category-arxiu-documental-hemeroteca","tag-bibliografia","tag-brufaganya","tag-edificacions","tag-historia","tag-monestir"],"yoast_head":"<!-- This site is optimized with the Yoast SEO plugin v27.4 - https:\/\/yoast.com\/product\/yoast-seo-wordpress\/ -->\n<title>Fr. Tom\u00e1s Ripoll, Mestre de l&#039;Ordre dels Dominics. S. XVIII &#187; Sant Mag\u00ed de la Brufaganya<\/title>\n<meta name=\"robots\" content=\"index, follow, max-snippet:-1, max-image-preview:large, max-video-preview:-1\" \/>\n<link rel=\"canonical\" href=\"https:\/\/brufaganya.cat\/2020\/fr-tomas-ripoll-mestre-de-lordre-dels-dominics-s-xviii\/\" \/>\n<meta property=\"og:locale\" content=\"ca_ES\" \/>\n<meta property=\"og:type\" content=\"article\" \/>\n<meta property=\"og:title\" content=\"Fr. Tom\u00e1s Ripoll, Mestre de l&#039;Ordre dels Dominics. S. XVIII &#187; Sant Mag\u00ed de la Brufaganya\" \/>\n<meta property=\"og:description\" content=\"Fr. Tom\u00e1s Ripoll, de Tarragona, el dominic que pag\u00e0 la f\u00e0brica (edifici) de l&#8217;actual Santuari de Sant Mag\u00ed de la Brufaganya, fou Mestre de l&#8217;Ordre dels Dominics. Tenia com a [&hellip;]\" \/>\n<meta property=\"og:url\" content=\"https:\/\/brufaganya.cat\/2020\/fr-tomas-ripoll-mestre-de-lordre-dels-dominics-s-xviii\/\" \/>\n<meta property=\"og:site_name\" content=\"Sant Mag\u00ed de la Brufaganya\" \/>\n<meta property=\"article:published_time\" content=\"2018-11-13T11:26:09+00:00\" \/>\n<meta property=\"article:modified_time\" content=\"2019-02-10T12:10:34+00:00\" \/>\n<meta property=\"og:image\" content=\"https:\/\/brufaganya.cat\/2020\/wp-content\/uploads\/2018\/11\/TOMAS-RIPOLL-001-790.jpg\" \/>\n\t<meta property=\"og:image:width\" content=\"790\" \/>\n\t<meta property=\"og:image:height\" content=\"444\" \/>\n\t<meta property=\"og:image:type\" content=\"image\/jpeg\" \/>\n<meta name=\"author\" content=\"Brufaganya\" \/>\n<meta name=\"twitter:card\" content=\"summary_large_image\" \/>\n<meta name=\"twitter:label1\" content=\"Escrit per\" \/>\n\t<meta name=\"twitter:data1\" content=\"Brufaganya\" \/>\n\t<meta name=\"twitter:label2\" content=\"Temps estimat de lectura\" \/>\n\t<meta name=\"twitter:data2\" content=\"1 minut\" \/>\n<script type=\"application\/ld+json\" class=\"yoast-schema-graph\">{\"@context\":\"https:\\\/\\\/schema.org\",\"@graph\":[{\"@type\":\"Article\",\"@id\":\"https:\\\/\\\/brufaganya.cat\\\/2020\\\/fr-tomas-ripoll-mestre-de-lordre-dels-dominics-s-xviii\\\/#article\",\"isPartOf\":{\"@id\":\"https:\\\/\\\/brufaganya.cat\\\/2020\\\/fr-tomas-ripoll-mestre-de-lordre-dels-dominics-s-xviii\\\/\"},\"author\":{\"name\":\"Brufaganya\",\"@id\":\"https:\\\/\\\/brufaganya.cat\\\/2020\\\/#\\\/schema\\\/person\\\/84a9265bdc1f63dd908765d806451e1a\"},\"headline\":\"Fr. Tom\u00e1s Ripoll, Mestre de l&#8217;Ordre dels Dominics. S. XVIII\",\"datePublished\":\"2018-11-13T11:26:09+00:00\",\"dateModified\":\"2019-02-10T12:10:34+00:00\",\"mainEntityOfPage\":{\"@id\":\"https:\\\/\\\/brufaganya.cat\\\/2020\\\/fr-tomas-ripoll-mestre-de-lordre-dels-dominics-s-xviii\\\/\"},\"wordCount\":226,\"commentCount\":0,\"publisher\":{\"@id\":\"https:\\\/\\\/brufaganya.cat\\\/2020\\\/#organization\"},\"image\":{\"@id\":\"https:\\\/\\\/brufaganya.cat\\\/2020\\\/fr-tomas-ripoll-mestre-de-lordre-dels-dominics-s-xviii\\\/#primaryimage\"},\"thumbnailUrl\":\"https:\\\/\\\/brufaganya.cat\\\/2020\\\/wp-content\\\/uploads\\\/2018\\\/11\\\/TOMAS-RIPOLL-001-790.jpg\",\"keywords\":[\"Bibliografia\",\"Brufaganya\",\"Edificacions\",\"Hist\u00f2ria\",\"Monestir\"],\"articleSection\":[\"Arxiu documental \\\/ Hemeroteca\"],\"inLanguage\":\"ca\",\"potentialAction\":[{\"@type\":\"CommentAction\",\"name\":\"Comment\",\"target\":[\"https:\\\/\\\/brufaganya.cat\\\/2020\\\/fr-tomas-ripoll-mestre-de-lordre-dels-dominics-s-xviii\\\/#respond\"]}]},{\"@type\":\"WebPage\",\"@id\":\"https:\\\/\\\/brufaganya.cat\\\/2020\\\/fr-tomas-ripoll-mestre-de-lordre-dels-dominics-s-xviii\\\/\",\"url\":\"https:\\\/\\\/brufaganya.cat\\\/2020\\\/fr-tomas-ripoll-mestre-de-lordre-dels-dominics-s-xviii\\\/\",\"name\":\"Fr. Tom\u00e1s Ripoll, Mestre de l'Ordre dels Dominics. S. XVIII &#187; Sant Mag\u00ed de la Brufaganya\",\"isPartOf\":{\"@id\":\"https:\\\/\\\/brufaganya.cat\\\/2020\\\/#website\"},\"primaryImageOfPage\":{\"@id\":\"https:\\\/\\\/brufaganya.cat\\\/2020\\\/fr-tomas-ripoll-mestre-de-lordre-dels-dominics-s-xviii\\\/#primaryimage\"},\"image\":{\"@id\":\"https:\\\/\\\/brufaganya.cat\\\/2020\\\/fr-tomas-ripoll-mestre-de-lordre-dels-dominics-s-xviii\\\/#primaryimage\"},\"thumbnailUrl\":\"https:\\\/\\\/brufaganya.cat\\\/2020\\\/wp-content\\\/uploads\\\/2018\\\/11\\\/TOMAS-RIPOLL-001-790.jpg\",\"datePublished\":\"2018-11-13T11:26:09+00:00\",\"dateModified\":\"2019-02-10T12:10:34+00:00\",\"breadcrumb\":{\"@id\":\"https:\\\/\\\/brufaganya.cat\\\/2020\\\/fr-tomas-ripoll-mestre-de-lordre-dels-dominics-s-xviii\\\/#breadcrumb\"},\"inLanguage\":\"ca\",\"potentialAction\":[{\"@type\":\"ReadAction\",\"target\":[\"https:\\\/\\\/brufaganya.cat\\\/2020\\\/fr-tomas-ripoll-mestre-de-lordre-dels-dominics-s-xviii\\\/\"]}]},{\"@type\":\"ImageObject\",\"inLanguage\":\"ca\",\"@id\":\"https:\\\/\\\/brufaganya.cat\\\/2020\\\/fr-tomas-ripoll-mestre-de-lordre-dels-dominics-s-xviii\\\/#primaryimage\",\"url\":\"https:\\\/\\\/brufaganya.cat\\\/2020\\\/wp-content\\\/uploads\\\/2018\\\/11\\\/TOMAS-RIPOLL-001-790.jpg\",\"contentUrl\":\"https:\\\/\\\/brufaganya.cat\\\/2020\\\/wp-content\\\/uploads\\\/2018\\\/11\\\/TOMAS-RIPOLL-001-790.jpg\",\"width\":790,\"height\":444},{\"@type\":\"BreadcrumbList\",\"@id\":\"https:\\\/\\\/brufaganya.cat\\\/2020\\\/fr-tomas-ripoll-mestre-de-lordre-dels-dominics-s-xviii\\\/#breadcrumb\",\"itemListElement\":[{\"@type\":\"ListItem\",\"position\":1,\"name\":\"Inici\",\"item\":\"https:\\\/\\\/brufaganya.cat\\\/2020\\\/\"},{\"@type\":\"ListItem\",\"position\":2,\"name\":\"Fr. Tom\u00e1s Ripoll, Mestre de l&#8217;Ordre dels Dominics. S. XVIII\"}]},{\"@type\":\"WebSite\",\"@id\":\"https:\\\/\\\/brufaganya.cat\\\/2020\\\/#website\",\"url\":\"https:\\\/\\\/brufaganya.cat\\\/2020\\\/\",\"name\":\"Sant Mag\u00ed de la Brufaganya\",\"description\":\"Lloc web de Sant Mag\u00ed de la Brufaganya\",\"publisher\":{\"@id\":\"https:\\\/\\\/brufaganya.cat\\\/2020\\\/#organization\"},\"potentialAction\":[{\"@type\":\"SearchAction\",\"target\":{\"@type\":\"EntryPoint\",\"urlTemplate\":\"https:\\\/\\\/brufaganya.cat\\\/2020\\\/?s={search_term_string}\"},\"query-input\":{\"@type\":\"PropertyValueSpecification\",\"valueRequired\":true,\"valueName\":\"search_term_string\"}}],\"inLanguage\":\"ca\"},{\"@type\":\"Organization\",\"@id\":\"https:\\\/\\\/brufaganya.cat\\\/2020\\\/#organization\",\"name\":\"Sant Mag\u00ed de Brufaganya\",\"url\":\"https:\\\/\\\/brufaganya.cat\\\/2020\\\/\",\"logo\":{\"@type\":\"ImageObject\",\"inLanguage\":\"ca\",\"@id\":\"https:\\\/\\\/brufaganya.cat\\\/2020\\\/#\\\/schema\\\/logo\\\/image\\\/\",\"url\":\"https:\\\/\\\/brufaganya.cat\\\/2020\\\/wp-content\\\/uploads\\\/2018\\\/11\\\/st_marti_bruga_horitz_posi_logo.jpg\",\"contentUrl\":\"https:\\\/\\\/brufaganya.cat\\\/2020\\\/wp-content\\\/uploads\\\/2018\\\/11\\\/st_marti_bruga_horitz_posi_logo.jpg\",\"width\":1479,\"height\":804,\"caption\":\"Sant Mag\u00ed de Brufaganya\"},\"image\":{\"@id\":\"https:\\\/\\\/brufaganya.cat\\\/2020\\\/#\\\/schema\\\/logo\\\/image\\\/\"},\"sameAs\":[\"https:\\\/\\\/ca.wikipedia.org\\\/wiki\\\/Sant_Mag\u00ed_de_Brufaganya\"]},{\"@type\":\"Person\",\"@id\":\"https:\\\/\\\/brufaganya.cat\\\/2020\\\/#\\\/schema\\\/person\\\/84a9265bdc1f63dd908765d806451e1a\",\"name\":\"Brufaganya\",\"image\":{\"@type\":\"ImageObject\",\"inLanguage\":\"ca\",\"@id\":\"https:\\\/\\\/secure.gravatar.com\\\/avatar\\\/a2d7e40e89d467ba5c5c4e1af71c136746d5598b73f538e3a263e569bf4b4666?s=96&d=mm&r=g\",\"url\":\"https:\\\/\\\/secure.gravatar.com\\\/avatar\\\/a2d7e40e89d467ba5c5c4e1af71c136746d5598b73f538e3a263e569bf4b4666?s=96&d=mm&r=g\",\"contentUrl\":\"https:\\\/\\\/secure.gravatar.com\\\/avatar\\\/a2d7e40e89d467ba5c5c4e1af71c136746d5598b73f538e3a263e569bf4b4666?s=96&d=mm&r=g\",\"caption\":\"Brufaganya\"},\"url\":\"https:\\\/\\\/brufaganya.cat\\\/2020\\\/author\\\/brufaganya\\\/\"}]}<\/script>\n<!-- \/ Yoast SEO plugin. -->","yoast_head_json":{"title":"Fr. Tom\u00e1s Ripoll, Mestre de l'Ordre dels Dominics. S. XVIII &#187; Sant Mag\u00ed de la Brufaganya","robots":{"index":"index","follow":"follow","max-snippet":"max-snippet:-1","max-image-preview":"max-image-preview:large","max-video-preview":"max-video-preview:-1"},"canonical":"https:\/\/brufaganya.cat\/2020\/fr-tomas-ripoll-mestre-de-lordre-dels-dominics-s-xviii\/","og_locale":"ca_ES","og_type":"article","og_title":"Fr. Tom\u00e1s Ripoll, Mestre de l'Ordre dels Dominics. S. XVIII &#187; Sant Mag\u00ed de la Brufaganya","og_description":"Fr. Tom\u00e1s Ripoll, de Tarragona, el dominic que pag\u00e0 la f\u00e0brica (edifici) de l&#8217;actual Santuari de Sant Mag\u00ed de la Brufaganya, fou Mestre de l&#8217;Ordre dels Dominics. Tenia com a [&hellip;]","og_url":"https:\/\/brufaganya.cat\/2020\/fr-tomas-ripoll-mestre-de-lordre-dels-dominics-s-xviii\/","og_site_name":"Sant Mag\u00ed de la Brufaganya","article_published_time":"2018-11-13T11:26:09+00:00","article_modified_time":"2019-02-10T12:10:34+00:00","og_image":[{"width":790,"height":444,"url":"https:\/\/brufaganya.cat\/2020\/wp-content\/uploads\/2018\/11\/TOMAS-RIPOLL-001-790.jpg","type":"image\/jpeg"}],"author":"Brufaganya","twitter_card":"summary_large_image","twitter_misc":{"Escrit per":"Brufaganya","Temps estimat de lectura":"1 minut"},"schema":{"@context":"https:\/\/schema.org","@graph":[{"@type":"Article","@id":"https:\/\/brufaganya.cat\/2020\/fr-tomas-ripoll-mestre-de-lordre-dels-dominics-s-xviii\/#article","isPartOf":{"@id":"https:\/\/brufaganya.cat\/2020\/fr-tomas-ripoll-mestre-de-lordre-dels-dominics-s-xviii\/"},"author":{"name":"Brufaganya","@id":"https:\/\/brufaganya.cat\/2020\/#\/schema\/person\/84a9265bdc1f63dd908765d806451e1a"},"headline":"Fr. Tom\u00e1s Ripoll, Mestre de l&#8217;Ordre dels Dominics. S. XVIII","datePublished":"2018-11-13T11:26:09+00:00","dateModified":"2019-02-10T12:10:34+00:00","mainEntityOfPage":{"@id":"https:\/\/brufaganya.cat\/2020\/fr-tomas-ripoll-mestre-de-lordre-dels-dominics-s-xviii\/"},"wordCount":226,"commentCount":0,"publisher":{"@id":"https:\/\/brufaganya.cat\/2020\/#organization"},"image":{"@id":"https:\/\/brufaganya.cat\/2020\/fr-tomas-ripoll-mestre-de-lordre-dels-dominics-s-xviii\/#primaryimage"},"thumbnailUrl":"https:\/\/brufaganya.cat\/2020\/wp-content\/uploads\/2018\/11\/TOMAS-RIPOLL-001-790.jpg","keywords":["Bibliografia","Brufaganya","Edificacions","Hist\u00f2ria","Monestir"],"articleSection":["Arxiu documental \/ Hemeroteca"],"inLanguage":"ca","potentialAction":[{"@type":"CommentAction","name":"Comment","target":["https:\/\/brufaganya.cat\/2020\/fr-tomas-ripoll-mestre-de-lordre-dels-dominics-s-xviii\/#respond"]}]},{"@type":"WebPage","@id":"https:\/\/brufaganya.cat\/2020\/fr-tomas-ripoll-mestre-de-lordre-dels-dominics-s-xviii\/","url":"https:\/\/brufaganya.cat\/2020\/fr-tomas-ripoll-mestre-de-lordre-dels-dominics-s-xviii\/","name":"Fr. Tom\u00e1s Ripoll, Mestre de l'Ordre dels Dominics. S. XVIII &#187; Sant Mag\u00ed de la Brufaganya","isPartOf":{"@id":"https:\/\/brufaganya.cat\/2020\/#website"},"primaryImageOfPage":{"@id":"https:\/\/brufaganya.cat\/2020\/fr-tomas-ripoll-mestre-de-lordre-dels-dominics-s-xviii\/#primaryimage"},"image":{"@id":"https:\/\/brufaganya.cat\/2020\/fr-tomas-ripoll-mestre-de-lordre-dels-dominics-s-xviii\/#primaryimage"},"thumbnailUrl":"https:\/\/brufaganya.cat\/2020\/wp-content\/uploads\/2018\/11\/TOMAS-RIPOLL-001-790.jpg","datePublished":"2018-11-13T11:26:09+00:00","dateModified":"2019-02-10T12:10:34+00:00","breadcrumb":{"@id":"https:\/\/brufaganya.cat\/2020\/fr-tomas-ripoll-mestre-de-lordre-dels-dominics-s-xviii\/#breadcrumb"},"inLanguage":"ca","potentialAction":[{"@type":"ReadAction","target":["https:\/\/brufaganya.cat\/2020\/fr-tomas-ripoll-mestre-de-lordre-dels-dominics-s-xviii\/"]}]},{"@type":"ImageObject","inLanguage":"ca","@id":"https:\/\/brufaganya.cat\/2020\/fr-tomas-ripoll-mestre-de-lordre-dels-dominics-s-xviii\/#primaryimage","url":"https:\/\/brufaganya.cat\/2020\/wp-content\/uploads\/2018\/11\/TOMAS-RIPOLL-001-790.jpg","contentUrl":"https:\/\/brufaganya.cat\/2020\/wp-content\/uploads\/2018\/11\/TOMAS-RIPOLL-001-790.jpg","width":790,"height":444},{"@type":"BreadcrumbList","@id":"https:\/\/brufaganya.cat\/2020\/fr-tomas-ripoll-mestre-de-lordre-dels-dominics-s-xviii\/#breadcrumb","itemListElement":[{"@type":"ListItem","position":1,"name":"Inici","item":"https:\/\/brufaganya.cat\/2020\/"},{"@type":"ListItem","position":2,"name":"Fr. Tom\u00e1s Ripoll, Mestre de l&#8217;Ordre dels Dominics. S. XVIII"}]},{"@type":"WebSite","@id":"https:\/\/brufaganya.cat\/2020\/#website","url":"https:\/\/brufaganya.cat\/2020\/","name":"Sant Mag\u00ed de la Brufaganya","description":"Lloc web de Sant Mag\u00ed de la Brufaganya","publisher":{"@id":"https:\/\/brufaganya.cat\/2020\/#organization"},"potentialAction":[{"@type":"SearchAction","target":{"@type":"EntryPoint","urlTemplate":"https:\/\/brufaganya.cat\/2020\/?s={search_term_string}"},"query-input":{"@type":"PropertyValueSpecification","valueRequired":true,"valueName":"search_term_string"}}],"inLanguage":"ca"},{"@type":"Organization","@id":"https:\/\/brufaganya.cat\/2020\/#organization","name":"Sant Mag\u00ed de Brufaganya","url":"https:\/\/brufaganya.cat\/2020\/","logo":{"@type":"ImageObject","inLanguage":"ca","@id":"https:\/\/brufaganya.cat\/2020\/#\/schema\/logo\/image\/","url":"https:\/\/brufaganya.cat\/2020\/wp-content\/uploads\/2018\/11\/st_marti_bruga_horitz_posi_logo.jpg","contentUrl":"https:\/\/brufaganya.cat\/2020\/wp-content\/uploads\/2018\/11\/st_marti_bruga_horitz_posi_logo.jpg","width":1479,"height":804,"caption":"Sant Mag\u00ed de Brufaganya"},"image":{"@id":"https:\/\/brufaganya.cat\/2020\/#\/schema\/logo\/image\/"},"sameAs":["https:\/\/ca.wikipedia.org\/wiki\/Sant_Mag\u00ed_de_Brufaganya"]},{"@type":"Person","@id":"https:\/\/brufaganya.cat\/2020\/#\/schema\/person\/84a9265bdc1f63dd908765d806451e1a","name":"Brufaganya","image":{"@type":"ImageObject","inLanguage":"ca","@id":"https:\/\/secure.gravatar.com\/avatar\/a2d7e40e89d467ba5c5c4e1af71c136746d5598b73f538e3a263e569bf4b4666?s=96&d=mm&r=g","url":"https:\/\/secure.gravatar.com\/avatar\/a2d7e40e89d467ba5c5c4e1af71c136746d5598b73f538e3a263e569bf4b4666?s=96&d=mm&r=g","contentUrl":"https:\/\/secure.gravatar.com\/avatar\/a2d7e40e89d467ba5c5c4e1af71c136746d5598b73f538e3a263e569bf4b4666?s=96&d=mm&r=g","caption":"Brufaganya"},"url":"https:\/\/brufaganya.cat\/2020\/author\/brufaganya\/"}]}},"_links":{"self":[{"href":"https:\/\/brufaganya.cat\/2020\/wp-json\/wp\/v2\/posts\/2795","targetHints":{"allow":["GET"]}}],"collection":[{"href":"https:\/\/brufaganya.cat\/2020\/wp-json\/wp\/v2\/posts"}],"about":[{"href":"https:\/\/brufaganya.cat\/2020\/wp-json\/wp\/v2\/types\/post"}],"author":[{"embeddable":true,"href":"https:\/\/brufaganya.cat\/2020\/wp-json\/wp\/v2\/users\/1"}],"replies":[{"embeddable":true,"href":"https:\/\/brufaganya.cat\/2020\/wp-json\/wp\/v2\/comments?post=2795"}],"version-history":[{"count":0,"href":"https:\/\/brufaganya.cat\/2020\/wp-json\/wp\/v2\/posts\/2795\/revisions"}],"wp:featuredmedia":[{"embeddable":true,"href":"https:\/\/brufaganya.cat\/2020\/wp-json\/wp\/v2\/media\/2796"}],"wp:attachment":[{"href":"https:\/\/brufaganya.cat\/2020\/wp-json\/wp\/v2\/media?parent=2795"}],"wp:term":[{"taxonomy":"category","embeddable":true,"href":"https:\/\/brufaganya.cat\/2020\/wp-json\/wp\/v2\/categories?post=2795"},{"taxonomy":"post_tag","embeddable":true,"href":"https:\/\/brufaganya.cat\/2020\/wp-json\/wp\/v2\/tags?post=2795"}],"curies":[{"name":"wp","href":"https:\/\/api.w.org\/{rel}","templated":true}]}}