{"id":2783,"date":"2018-10-24T16:20:35","date_gmt":"2018-10-24T14:20:35","guid":{"rendered":"https:\/\/tgd.info\/brufaganya001\/?p=2783"},"modified":"2019-03-20T15:41:50","modified_gmt":"2019-03-20T13:41:50","slug":"2783-2","status":"publish","type":"post","link":"https:\/\/brufaganya.cat\/2020\/2783-2\/","title":{"rendered":"Reconstrucci\u00f3 de la Capella de les Fonts"},"content":{"rendered":"<p><img loading=\"lazy\" decoding=\"async\" class=\"size-medium wp-image-3839 alignleft\" src=\"https:\/\/brufaganya.cat\/2020\/wp-content\/uploads\/2018\/10\/planolFonts-300x203.jpg\" alt=\"\" width=\"300\" height=\"203\" srcset=\"https:\/\/brufaganya.cat\/2020\/wp-content\/uploads\/2018\/10\/planolFonts-300x203.jpg 300w, https:\/\/brufaganya.cat\/2020\/wp-content\/uploads\/2018\/10\/planolFonts.jpg 614w\" sizes=\"auto, (max-width: 300px) 100vw, 300px\" \/><\/p>\n<p class=\"western\"><span style=\"color: #000000;\"><span style=\"font-family: Georgia, serif;\"><span style=\"font-size: large;\"><b>L<\/b><\/span><\/span><\/span><span style=\"color: #000000;\"><span style=\"font-family: Georgia, serif;\"><span style=\"font-size: large;\">\u2019any 1556 existia a Sant Mag\u00ed de la Brufaganya un hospital ben\u00e8fic de pobres, que perdur\u00e0 fins al 1629, quan l\u2019hospital es trasllad\u00e0 al convent.<\/span><\/span><\/span><\/p>\n<p class=\"western\" align=\"justify\"><span style=\"color: #000000;\"><span style=\"font-family: Georgia, serif;\"><span style=\"font-size: large;\"><b>A<\/b><\/span><\/span><\/span><span style=\"color: #000000;\"><span style=\"font-family: Georgia, serif;\"><span style=\"font-size: large;\">\u00a0primeries del segle XVIII, s\u2019intent\u00e0 restaurar l\u2019edifici de les Fonts pels ve\u00efns de Santa Coloma de Queralt, i el 1610 s\u2019enllest\u00ed l\u2019obra, amb la col.locaci\u00f3 de l\u2019escut dels Dominics. El 1623, constava en el llibre de la capella de les Fonts la compra d\u2019un sant Mag\u00ed en pintura, i s\u2019anotaren les despeses per enrajolar la font. Gairab\u00e9 un segle m\u00e9s tard, el 1719, la capella estava gairab\u00e9 enderrocada, i a expenses de la casa Vadell i Lle\u00f3 de Pontons, s\u2019inaugur\u00e0 solemnement, el mes de juny de 1721, la restauraci\u00f3. El 1742 es van fer m\u00e9s reformes per la mateixa fam\u00edlia i s\u2019emblanquin\u00e0 la capella. A darreries del mateix segle, el 1786 s\u2019adob\u00e0 la teulada i es pos\u00e0 una reixa de ferro a l\u2019entrada per evitar que hi entressin els animals.<\/span><\/span><\/span><\/p>\n<p class=\"western\" align=\"justify\"><span style=\"color: #000000;\"><span style=\"font-family: Georgia, serif;\"><span style=\"font-size: small;\"><b>L<\/b><\/span><\/span><\/span><span style=\"color: #000000;\"><span style=\"font-family: Georgia, serif;\"><span style=\"font-size: small;\">a campanya pro-reconstrucci\u00f3 don\u00e0 el seu fruit, i el 14 del mes d\u2019agost de 1949, s\u2019inauguraren les obres que s\u2019havien realitzat a la capella de les Fonts. Hi assist\u00ed el tinent d\u2019alcalde de l&#8217;Ajuntament de Tarragona, Pau Oliv\u00e9 i Sanrom\u00e0, l\u2019administrador de l\u2019esgl\u00e9sia de Sant Mag\u00ed a Tarragona, Dr. Pere Batlle, a m\u00e9s d\u2019altres autoritats.<\/span><\/span><\/span><\/p>\n<p class=\"western\" align=\"left\"><span style=\"font-family: Georgia, serif;\"><span style=\"font-size: small;\">Bibliografia: Morant i Clanxet, Jordi. \u201cHist\u00f2ria i tradici\u00f3 del copatr\u00f3 de Tarragona Sant Mag\u00ed\u201d, editat per la Confraria de Sant Mag\u00ed. 3\u00aa edici\u00f3: desembre 2002, pp 81, 82 i 83.<\/span><\/span><\/p>\n<p class=\"western\" align=\"left\"><span style=\"color: #000000;\"><span style=\"font-family: Georgia, serif;\"><span style=\"font-size: small;\">Postals antigues, a\u00a0<\/span><\/span><\/span><span style=\"color: #000080;\"><span lang=\"zxx\"><a href=\"http:\/\/picasaweb.google.com\/ramon.orga\/ArxiuPostals\"><span style=\"color: #000000;\"><span style=\"font-size: small;\">https:\/\/picasaweb.google.com\/ramon.orga\/ArxiuPostals#<\/span><\/span><\/a><\/span><\/span><\/p>\n<p class=\"western\" align=\"left\"><span style=\"color: #000000;\"><span style=\"font-family: Georgia, serif;\"><span style=\"font-size: small;\">Font:\u00a0<\/span><\/span><\/span><span style=\"color: #000080;\"><span lang=\"zxx\"><a href=\"http:\/\/www.santmagi.cat\/la-capella-de-les-fonts\/\"><span style=\"color: #000000;\"><span style=\"font-size: small;\">http:\/\/www.santmagi.cat\/la-capella-de-les-fonts\/<\/span><\/span><\/a><\/span><\/span><\/p>\n<p>La capella de les Fonts de Sant Mag\u00ed de la Brufaganya\u00a0va ser restaurada a inicis del s.XX pel Patrimoni Arquitect\u00f2nic de Catalunya. En el Cercador Inventari del Patrimoni es troben els pl\u00e0nols de la restauraci\u00f3.<br \/>\nEs pot veure el projecte d&#8217;al\u00e7ada, planta coberta<a href=\"http:\/\/calaix.gencat.cat\/handle\/10687\/34160\" target=\"_blank\" rel=\"noopener noreferrer\"> prement aqu\u00ed<\/a>.<\/p>\n","protected":false},"excerpt":{"rendered":"<p>L\u2019any 1556 existia a Sant Mag\u00ed de la Brufaganya un hospital ben\u00e8fic de pobres, que perdur\u00e0 fins al 1629, quan l\u2019hospital es trasllad\u00e0 al convent. A\u00a0primeries del segle XVIII, s\u2019intent\u00e0 [&hellip;]<\/p>\n","protected":false},"author":1,"featured_media":2788,"comment_status":"open","ping_status":"closed","sticky":false,"template":"","format":"standard","meta":{"inline_featured_image":false,"footnotes":""},"categories":[1,780],"tags":[795,789,790,794,792],"class_list":["post-2783","post","type-post","status-publish","format-standard","has-post-thumbnail","hentry","category-noticies","category-patrimoni-arquitectonic","tag-bibliografia","tag-brufaganya","tag-edificacions","tag-fonts","tag-monestir"],"yoast_head":"<!-- This site is optimized with the Yoast SEO plugin v27.4 - https:\/\/yoast.com\/product\/yoast-seo-wordpress\/ -->\n<title>Reconstrucci\u00f3 de la Capella de les Fonts &#187; Sant Mag\u00ed de la Brufaganya<\/title>\n<meta name=\"robots\" content=\"index, follow, max-snippet:-1, max-image-preview:large, max-video-preview:-1\" \/>\n<link rel=\"canonical\" href=\"https:\/\/brufaganya.cat\/2020\/2783-2\/\" \/>\n<meta property=\"og:locale\" content=\"ca_ES\" \/>\n<meta property=\"og:type\" content=\"article\" \/>\n<meta property=\"og:title\" content=\"Reconstrucci\u00f3 de la Capella de les Fonts &#187; Sant Mag\u00ed de la Brufaganya\" \/>\n<meta property=\"og:description\" content=\"L\u2019any 1556 existia a Sant Mag\u00ed de la Brufaganya un hospital ben\u00e8fic de pobres, que perdur\u00e0 fins al 1629, quan l\u2019hospital es trasllad\u00e0 al convent. A\u00a0primeries del segle XVIII, s\u2019intent\u00e0 [&hellip;]\" \/>\n<meta property=\"og:url\" content=\"https:\/\/brufaganya.cat\/2020\/2783-2\/\" \/>\n<meta property=\"og:site_name\" content=\"Sant Mag\u00ed de la Brufaganya\" \/>\n<meta property=\"article:published_time\" content=\"2018-10-24T14:20:35+00:00\" \/>\n<meta property=\"article:modified_time\" content=\"2019-03-20T13:41:50+00:00\" \/>\n<meta property=\"og:image\" content=\"https:\/\/brufaganya.cat\/2020\/wp-content\/uploads\/2018\/10\/REC-CAPELLA-FONTS-001-790.jpg\" \/>\n\t<meta property=\"og:image:width\" content=\"790\" \/>\n\t<meta property=\"og:image:height\" content=\"444\" \/>\n\t<meta property=\"og:image:type\" content=\"image\/jpeg\" \/>\n<meta name=\"author\" content=\"Brufaganya\" \/>\n<meta name=\"twitter:card\" content=\"summary_large_image\" \/>\n<meta name=\"twitter:label1\" content=\"Escrit per\" \/>\n\t<meta name=\"twitter:data1\" content=\"Brufaganya\" \/>\n\t<meta name=\"twitter:label2\" content=\"Temps estimat de lectura\" \/>\n\t<meta name=\"twitter:data2\" content=\"2 minuts\" \/>\n<script type=\"application\/ld+json\" class=\"yoast-schema-graph\">{\"@context\":\"https:\\\/\\\/schema.org\",\"@graph\":[{\"@type\":\"Article\",\"@id\":\"https:\\\/\\\/brufaganya.cat\\\/2020\\\/2783-2\\\/#article\",\"isPartOf\":{\"@id\":\"https:\\\/\\\/brufaganya.cat\\\/2020\\\/2783-2\\\/\"},\"author\":{\"name\":\"Brufaganya\",\"@id\":\"https:\\\/\\\/brufaganya.cat\\\/2020\\\/#\\\/schema\\\/person\\\/84a9265bdc1f63dd908765d806451e1a\"},\"headline\":\"Reconstrucci\u00f3 de la Capella de les Fonts\",\"datePublished\":\"2018-10-24T14:20:35+00:00\",\"dateModified\":\"2019-03-20T13:41:50+00:00\",\"mainEntityOfPage\":{\"@id\":\"https:\\\/\\\/brufaganya.cat\\\/2020\\\/2783-2\\\/\"},\"wordCount\":329,\"commentCount\":0,\"publisher\":{\"@id\":\"https:\\\/\\\/brufaganya.cat\\\/2020\\\/#organization\"},\"image\":{\"@id\":\"https:\\\/\\\/brufaganya.cat\\\/2020\\\/2783-2\\\/#primaryimage\"},\"thumbnailUrl\":\"https:\\\/\\\/brufaganya.cat\\\/2020\\\/wp-content\\\/uploads\\\/2018\\\/10\\\/REC-CAPELLA-FONTS-001-790.jpg\",\"keywords\":[\"Bibliografia\",\"Brufaganya\",\"Edificacions\",\"Fonts\",\"Monestir\"],\"articleSection\":[\"Not\u00edcies\",\"Patrimoni arquitect\u00f2nic\"],\"inLanguage\":\"ca\",\"potentialAction\":[{\"@type\":\"CommentAction\",\"name\":\"Comment\",\"target\":[\"https:\\\/\\\/brufaganya.cat\\\/2020\\\/2783-2\\\/#respond\"]}]},{\"@type\":\"WebPage\",\"@id\":\"https:\\\/\\\/brufaganya.cat\\\/2020\\\/2783-2\\\/\",\"url\":\"https:\\\/\\\/brufaganya.cat\\\/2020\\\/2783-2\\\/\",\"name\":\"Reconstrucci\u00f3 de la Capella de les Fonts &#187; Sant Mag\u00ed de la Brufaganya\",\"isPartOf\":{\"@id\":\"https:\\\/\\\/brufaganya.cat\\\/2020\\\/#website\"},\"primaryImageOfPage\":{\"@id\":\"https:\\\/\\\/brufaganya.cat\\\/2020\\\/2783-2\\\/#primaryimage\"},\"image\":{\"@id\":\"https:\\\/\\\/brufaganya.cat\\\/2020\\\/2783-2\\\/#primaryimage\"},\"thumbnailUrl\":\"https:\\\/\\\/brufaganya.cat\\\/2020\\\/wp-content\\\/uploads\\\/2018\\\/10\\\/REC-CAPELLA-FONTS-001-790.jpg\",\"datePublished\":\"2018-10-24T14:20:35+00:00\",\"dateModified\":\"2019-03-20T13:41:50+00:00\",\"breadcrumb\":{\"@id\":\"https:\\\/\\\/brufaganya.cat\\\/2020\\\/2783-2\\\/#breadcrumb\"},\"inLanguage\":\"ca\",\"potentialAction\":[{\"@type\":\"ReadAction\",\"target\":[\"https:\\\/\\\/brufaganya.cat\\\/2020\\\/2783-2\\\/\"]}]},{\"@type\":\"ImageObject\",\"inLanguage\":\"ca\",\"@id\":\"https:\\\/\\\/brufaganya.cat\\\/2020\\\/2783-2\\\/#primaryimage\",\"url\":\"https:\\\/\\\/brufaganya.cat\\\/2020\\\/wp-content\\\/uploads\\\/2018\\\/10\\\/REC-CAPELLA-FONTS-001-790.jpg\",\"contentUrl\":\"https:\\\/\\\/brufaganya.cat\\\/2020\\\/wp-content\\\/uploads\\\/2018\\\/10\\\/REC-CAPELLA-FONTS-001-790.jpg\",\"width\":790,\"height\":444,\"caption\":\"Capella de les Fonts. FONT: Wiquipedia\"},{\"@type\":\"BreadcrumbList\",\"@id\":\"https:\\\/\\\/brufaganya.cat\\\/2020\\\/2783-2\\\/#breadcrumb\",\"itemListElement\":[{\"@type\":\"ListItem\",\"position\":1,\"name\":\"Inici\",\"item\":\"https:\\\/\\\/brufaganya.cat\\\/2020\\\/\"},{\"@type\":\"ListItem\",\"position\":2,\"name\":\"Reconstrucci\u00f3 de la Capella de les Fonts\"}]},{\"@type\":\"WebSite\",\"@id\":\"https:\\\/\\\/brufaganya.cat\\\/2020\\\/#website\",\"url\":\"https:\\\/\\\/brufaganya.cat\\\/2020\\\/\",\"name\":\"Sant Mag\u00ed de la Brufaganya\",\"description\":\"Lloc web de Sant Mag\u00ed de la Brufaganya\",\"publisher\":{\"@id\":\"https:\\\/\\\/brufaganya.cat\\\/2020\\\/#organization\"},\"potentialAction\":[{\"@type\":\"SearchAction\",\"target\":{\"@type\":\"EntryPoint\",\"urlTemplate\":\"https:\\\/\\\/brufaganya.cat\\\/2020\\\/?s={search_term_string}\"},\"query-input\":{\"@type\":\"PropertyValueSpecification\",\"valueRequired\":true,\"valueName\":\"search_term_string\"}}],\"inLanguage\":\"ca\"},{\"@type\":\"Organization\",\"@id\":\"https:\\\/\\\/brufaganya.cat\\\/2020\\\/#organization\",\"name\":\"Sant Mag\u00ed de Brufaganya\",\"url\":\"https:\\\/\\\/brufaganya.cat\\\/2020\\\/\",\"logo\":{\"@type\":\"ImageObject\",\"inLanguage\":\"ca\",\"@id\":\"https:\\\/\\\/brufaganya.cat\\\/2020\\\/#\\\/schema\\\/logo\\\/image\\\/\",\"url\":\"https:\\\/\\\/brufaganya.cat\\\/2020\\\/wp-content\\\/uploads\\\/2018\\\/11\\\/st_marti_bruga_horitz_posi_logo.jpg\",\"contentUrl\":\"https:\\\/\\\/brufaganya.cat\\\/2020\\\/wp-content\\\/uploads\\\/2018\\\/11\\\/st_marti_bruga_horitz_posi_logo.jpg\",\"width\":1479,\"height\":804,\"caption\":\"Sant Mag\u00ed de Brufaganya\"},\"image\":{\"@id\":\"https:\\\/\\\/brufaganya.cat\\\/2020\\\/#\\\/schema\\\/logo\\\/image\\\/\"},\"sameAs\":[\"https:\\\/\\\/ca.wikipedia.org\\\/wiki\\\/Sant_Mag\u00ed_de_Brufaganya\"]},{\"@type\":\"Person\",\"@id\":\"https:\\\/\\\/brufaganya.cat\\\/2020\\\/#\\\/schema\\\/person\\\/84a9265bdc1f63dd908765d806451e1a\",\"name\":\"Brufaganya\",\"image\":{\"@type\":\"ImageObject\",\"inLanguage\":\"ca\",\"@id\":\"https:\\\/\\\/secure.gravatar.com\\\/avatar\\\/a2d7e40e89d467ba5c5c4e1af71c136746d5598b73f538e3a263e569bf4b4666?s=96&d=mm&r=g\",\"url\":\"https:\\\/\\\/secure.gravatar.com\\\/avatar\\\/a2d7e40e89d467ba5c5c4e1af71c136746d5598b73f538e3a263e569bf4b4666?s=96&d=mm&r=g\",\"contentUrl\":\"https:\\\/\\\/secure.gravatar.com\\\/avatar\\\/a2d7e40e89d467ba5c5c4e1af71c136746d5598b73f538e3a263e569bf4b4666?s=96&d=mm&r=g\",\"caption\":\"Brufaganya\"},\"url\":\"https:\\\/\\\/brufaganya.cat\\\/2020\\\/author\\\/brufaganya\\\/\"}]}<\/script>\n<!-- \/ Yoast SEO plugin. -->","yoast_head_json":{"title":"Reconstrucci\u00f3 de la Capella de les Fonts &#187; Sant Mag\u00ed de la Brufaganya","robots":{"index":"index","follow":"follow","max-snippet":"max-snippet:-1","max-image-preview":"max-image-preview:large","max-video-preview":"max-video-preview:-1"},"canonical":"https:\/\/brufaganya.cat\/2020\/2783-2\/","og_locale":"ca_ES","og_type":"article","og_title":"Reconstrucci\u00f3 de la Capella de les Fonts &#187; Sant Mag\u00ed de la Brufaganya","og_description":"L\u2019any 1556 existia a Sant Mag\u00ed de la Brufaganya un hospital ben\u00e8fic de pobres, que perdur\u00e0 fins al 1629, quan l\u2019hospital es trasllad\u00e0 al convent. A\u00a0primeries del segle XVIII, s\u2019intent\u00e0 [&hellip;]","og_url":"https:\/\/brufaganya.cat\/2020\/2783-2\/","og_site_name":"Sant Mag\u00ed de la Brufaganya","article_published_time":"2018-10-24T14:20:35+00:00","article_modified_time":"2019-03-20T13:41:50+00:00","og_image":[{"width":790,"height":444,"url":"https:\/\/brufaganya.cat\/2020\/wp-content\/uploads\/2018\/10\/REC-CAPELLA-FONTS-001-790.jpg","type":"image\/jpeg"}],"author":"Brufaganya","twitter_card":"summary_large_image","twitter_misc":{"Escrit per":"Brufaganya","Temps estimat de lectura":"2 minuts"},"schema":{"@context":"https:\/\/schema.org","@graph":[{"@type":"Article","@id":"https:\/\/brufaganya.cat\/2020\/2783-2\/#article","isPartOf":{"@id":"https:\/\/brufaganya.cat\/2020\/2783-2\/"},"author":{"name":"Brufaganya","@id":"https:\/\/brufaganya.cat\/2020\/#\/schema\/person\/84a9265bdc1f63dd908765d806451e1a"},"headline":"Reconstrucci\u00f3 de la Capella de les Fonts","datePublished":"2018-10-24T14:20:35+00:00","dateModified":"2019-03-20T13:41:50+00:00","mainEntityOfPage":{"@id":"https:\/\/brufaganya.cat\/2020\/2783-2\/"},"wordCount":329,"commentCount":0,"publisher":{"@id":"https:\/\/brufaganya.cat\/2020\/#organization"},"image":{"@id":"https:\/\/brufaganya.cat\/2020\/2783-2\/#primaryimage"},"thumbnailUrl":"https:\/\/brufaganya.cat\/2020\/wp-content\/uploads\/2018\/10\/REC-CAPELLA-FONTS-001-790.jpg","keywords":["Bibliografia","Brufaganya","Edificacions","Fonts","Monestir"],"articleSection":["Not\u00edcies","Patrimoni arquitect\u00f2nic"],"inLanguage":"ca","potentialAction":[{"@type":"CommentAction","name":"Comment","target":["https:\/\/brufaganya.cat\/2020\/2783-2\/#respond"]}]},{"@type":"WebPage","@id":"https:\/\/brufaganya.cat\/2020\/2783-2\/","url":"https:\/\/brufaganya.cat\/2020\/2783-2\/","name":"Reconstrucci\u00f3 de la Capella de les Fonts &#187; Sant Mag\u00ed de la Brufaganya","isPartOf":{"@id":"https:\/\/brufaganya.cat\/2020\/#website"},"primaryImageOfPage":{"@id":"https:\/\/brufaganya.cat\/2020\/2783-2\/#primaryimage"},"image":{"@id":"https:\/\/brufaganya.cat\/2020\/2783-2\/#primaryimage"},"thumbnailUrl":"https:\/\/brufaganya.cat\/2020\/wp-content\/uploads\/2018\/10\/REC-CAPELLA-FONTS-001-790.jpg","datePublished":"2018-10-24T14:20:35+00:00","dateModified":"2019-03-20T13:41:50+00:00","breadcrumb":{"@id":"https:\/\/brufaganya.cat\/2020\/2783-2\/#breadcrumb"},"inLanguage":"ca","potentialAction":[{"@type":"ReadAction","target":["https:\/\/brufaganya.cat\/2020\/2783-2\/"]}]},{"@type":"ImageObject","inLanguage":"ca","@id":"https:\/\/brufaganya.cat\/2020\/2783-2\/#primaryimage","url":"https:\/\/brufaganya.cat\/2020\/wp-content\/uploads\/2018\/10\/REC-CAPELLA-FONTS-001-790.jpg","contentUrl":"https:\/\/brufaganya.cat\/2020\/wp-content\/uploads\/2018\/10\/REC-CAPELLA-FONTS-001-790.jpg","width":790,"height":444,"caption":"Capella de les Fonts. FONT: Wiquipedia"},{"@type":"BreadcrumbList","@id":"https:\/\/brufaganya.cat\/2020\/2783-2\/#breadcrumb","itemListElement":[{"@type":"ListItem","position":1,"name":"Inici","item":"https:\/\/brufaganya.cat\/2020\/"},{"@type":"ListItem","position":2,"name":"Reconstrucci\u00f3 de la Capella de les Fonts"}]},{"@type":"WebSite","@id":"https:\/\/brufaganya.cat\/2020\/#website","url":"https:\/\/brufaganya.cat\/2020\/","name":"Sant Mag\u00ed de la Brufaganya","description":"Lloc web de Sant Mag\u00ed de la Brufaganya","publisher":{"@id":"https:\/\/brufaganya.cat\/2020\/#organization"},"potentialAction":[{"@type":"SearchAction","target":{"@type":"EntryPoint","urlTemplate":"https:\/\/brufaganya.cat\/2020\/?s={search_term_string}"},"query-input":{"@type":"PropertyValueSpecification","valueRequired":true,"valueName":"search_term_string"}}],"inLanguage":"ca"},{"@type":"Organization","@id":"https:\/\/brufaganya.cat\/2020\/#organization","name":"Sant Mag\u00ed de Brufaganya","url":"https:\/\/brufaganya.cat\/2020\/","logo":{"@type":"ImageObject","inLanguage":"ca","@id":"https:\/\/brufaganya.cat\/2020\/#\/schema\/logo\/image\/","url":"https:\/\/brufaganya.cat\/2020\/wp-content\/uploads\/2018\/11\/st_marti_bruga_horitz_posi_logo.jpg","contentUrl":"https:\/\/brufaganya.cat\/2020\/wp-content\/uploads\/2018\/11\/st_marti_bruga_horitz_posi_logo.jpg","width":1479,"height":804,"caption":"Sant Mag\u00ed de Brufaganya"},"image":{"@id":"https:\/\/brufaganya.cat\/2020\/#\/schema\/logo\/image\/"},"sameAs":["https:\/\/ca.wikipedia.org\/wiki\/Sant_Mag\u00ed_de_Brufaganya"]},{"@type":"Person","@id":"https:\/\/brufaganya.cat\/2020\/#\/schema\/person\/84a9265bdc1f63dd908765d806451e1a","name":"Brufaganya","image":{"@type":"ImageObject","inLanguage":"ca","@id":"https:\/\/secure.gravatar.com\/avatar\/a2d7e40e89d467ba5c5c4e1af71c136746d5598b73f538e3a263e569bf4b4666?s=96&d=mm&r=g","url":"https:\/\/secure.gravatar.com\/avatar\/a2d7e40e89d467ba5c5c4e1af71c136746d5598b73f538e3a263e569bf4b4666?s=96&d=mm&r=g","contentUrl":"https:\/\/secure.gravatar.com\/avatar\/a2d7e40e89d467ba5c5c4e1af71c136746d5598b73f538e3a263e569bf4b4666?s=96&d=mm&r=g","caption":"Brufaganya"},"url":"https:\/\/brufaganya.cat\/2020\/author\/brufaganya\/"}]}},"_links":{"self":[{"href":"https:\/\/brufaganya.cat\/2020\/wp-json\/wp\/v2\/posts\/2783","targetHints":{"allow":["GET"]}}],"collection":[{"href":"https:\/\/brufaganya.cat\/2020\/wp-json\/wp\/v2\/posts"}],"about":[{"href":"https:\/\/brufaganya.cat\/2020\/wp-json\/wp\/v2\/types\/post"}],"author":[{"embeddable":true,"href":"https:\/\/brufaganya.cat\/2020\/wp-json\/wp\/v2\/users\/1"}],"replies":[{"embeddable":true,"href":"https:\/\/brufaganya.cat\/2020\/wp-json\/wp\/v2\/comments?post=2783"}],"version-history":[{"count":0,"href":"https:\/\/brufaganya.cat\/2020\/wp-json\/wp\/v2\/posts\/2783\/revisions"}],"wp:featuredmedia":[{"embeddable":true,"href":"https:\/\/brufaganya.cat\/2020\/wp-json\/wp\/v2\/media\/2788"}],"wp:attachment":[{"href":"https:\/\/brufaganya.cat\/2020\/wp-json\/wp\/v2\/media?parent=2783"}],"wp:term":[{"taxonomy":"category","embeddable":true,"href":"https:\/\/brufaganya.cat\/2020\/wp-json\/wp\/v2\/categories?post=2783"},{"taxonomy":"post_tag","embeddable":true,"href":"https:\/\/brufaganya.cat\/2020\/wp-json\/wp\/v2\/tags?post=2783"}],"curies":[{"name":"wp","href":"https:\/\/api.w.org\/{rel}","templated":true}]}}