{"id":2761,"date":"2018-10-23T12:43:53","date_gmt":"2018-10-23T10:43:53","guid":{"rendered":"https:\/\/tgd.info\/brufaganya001\/?p=2761"},"modified":"2018-11-15T12:54:29","modified_gmt":"2018-11-15T10:54:29","slug":"construccio-del-nou-santuari-de-s-magi-1732-contracte","status":"publish","type":"post","link":"https:\/\/brufaganya.cat\/2020\/construccio-del-nou-santuari-de-s-magi-1732-contracte\/","title":{"rendered":"Construcci\u00f3 del nou Santuari de S.Mag\u00ed 1732 . Contracte"},"content":{"rendered":"<p><em>\u00abTaba de la obra que se a de executar en lo convent de Sant Mag\u00ed, de l&#8217;orde [de] pares predicadors per la construcci\u00f3 de la continuaci\u00f3 de la igl\u00e9sia, axis de mans de mestre de casas com de fuster. Primo s\u00e0pia dit mestre que enpendr\u00e0 dita obra que ser\u00e0 obligat a traur\u00e0 la terra de la part de la montanya detr\u00e0s las capellas, axis vellas com noves, a dist\u00e0ncia de setse palms, poch m\u00e9s o menos, per llevar la omitat de la igl\u00e9sia, y en la part de la plasa, frente de la porta major, tamb\u00e9 a de traur\u00e0 fins a setse palms, poch m\u00e9s o menos, advertint que dita escavaci\u00f3 a de quedar m\u00e9s fonda que la igl\u00e9sia un pa\u00efm, aix\u00ed en lo frente com en lo costat que mira a la part de la montanya.<\/em><br \/>\n<em>[&#8230;]<\/em><br \/>\n<em>\u00edtem s\u00e0pia lo dit mestra que per totas las voltas se auran de fer de rajola de dos gruixos y bona calitat de guix pardo y adresades, ab ses arestas de llunetas y archs, com tamb\u00e9 comisas, y enblanquir tota la igl\u00e9sia, aix\u00ed lo tros que se a de anyadir com lo que \u00e9s vell, de bon guix blanch del millor que-s trobar\u00e0 en la vila de Valldeperas.<\/em><\/p>\n<p>Extret de l&#8217;article : &#8220;EL CONTRACTE DE LA CONSTRUCCI\u00d3 DE L&#8217;ACTUAL ESGL\u00c9SIA DE SANT MAG\u00cd DE LA BRUFAGANYA&#8221; (1732) Josep M. LLOBET i PORTELLA<\/p>\n<p>Per veure el document sencer <a href=\"https:\/\/brufaganya.cat\/2020\/wp-content\/uploads\/2018\/11\/contracte-1732.pdf\" target=\"_blank\" rel=\"noopener\">pr\u00e9mer AQU\u00cd<\/a>.<\/p>\n","protected":false},"excerpt":{"rendered":"<p>\u00abTaba de la obra que se a de executar en lo convent de Sant Mag\u00ed, de l&#8217;orde [de] pares predicadors per la construcci\u00f3 de la continuaci\u00f3 de la igl\u00e9sia, axis [&hellip;]<\/p>\n","protected":false},"author":1,"featured_media":2764,"comment_status":"open","ping_status":"closed","sticky":false,"template":"","format":"standard","meta":{"inline_featured_image":false,"footnotes":""},"categories":[778],"tags":[795,789,790,791,792],"class_list":["post-2761","post","type-post","status-publish","format-standard","has-post-thumbnail","hentry","category-arxiu-documental-hemeroteca","tag-bibliografia","tag-brufaganya","tag-edificacions","tag-historia","tag-monestir"],"yoast_head":"<!-- This site is optimized with the Yoast SEO plugin v27.4 - https:\/\/yoast.com\/product\/yoast-seo-wordpress\/ -->\n<title>Construcci\u00f3 del nou Santuari de S.Mag\u00ed 1732 . Contracte &#187; Sant Mag\u00ed de la Brufaganya<\/title>\n<meta name=\"robots\" content=\"index, follow, max-snippet:-1, max-image-preview:large, max-video-preview:-1\" \/>\n<link rel=\"canonical\" href=\"https:\/\/brufaganya.cat\/2020\/construccio-del-nou-santuari-de-s-magi-1732-contracte\/\" \/>\n<meta property=\"og:locale\" content=\"ca_ES\" \/>\n<meta property=\"og:type\" content=\"article\" \/>\n<meta property=\"og:title\" content=\"Construcci\u00f3 del nou Santuari de S.Mag\u00ed 1732 . Contracte &#187; Sant Mag\u00ed de la Brufaganya\" \/>\n<meta property=\"og:description\" content=\"\u00abTaba de la obra que se a de executar en lo convent de Sant Mag\u00ed, de l&#8217;orde [de] pares predicadors per la construcci\u00f3 de la continuaci\u00f3 de la igl\u00e9sia, axis [&hellip;]\" \/>\n<meta property=\"og:url\" content=\"https:\/\/brufaganya.cat\/2020\/construccio-del-nou-santuari-de-s-magi-1732-contracte\/\" \/>\n<meta property=\"og:site_name\" content=\"Sant Mag\u00ed de la Brufaganya\" \/>\n<meta property=\"article:published_time\" content=\"2018-10-23T10:43:53+00:00\" \/>\n<meta property=\"article:modified_time\" content=\"2018-11-15T10:54:29+00:00\" \/>\n<meta property=\"og:image\" content=\"https:\/\/brufaganya.cat\/2020\/wp-content\/uploads\/2018\/11\/NOU-SANTUARI-001-790A.jpg\" \/>\n\t<meta property=\"og:image:width\" content=\"790\" \/>\n\t<meta property=\"og:image:height\" content=\"444\" \/>\n\t<meta property=\"og:image:type\" content=\"image\/jpeg\" \/>\n<meta name=\"author\" content=\"Brufaganya\" \/>\n<meta name=\"twitter:card\" content=\"summary_large_image\" \/>\n<meta name=\"twitter:label1\" content=\"Escrit per\" \/>\n\t<meta name=\"twitter:data1\" content=\"Brufaganya\" \/>\n\t<meta name=\"twitter:label2\" content=\"Temps estimat de lectura\" \/>\n\t<meta name=\"twitter:data2\" content=\"1 minut\" \/>\n<script type=\"application\/ld+json\" class=\"yoast-schema-graph\">{\"@context\":\"https:\\\/\\\/schema.org\",\"@graph\":[{\"@type\":\"Article\",\"@id\":\"https:\\\/\\\/brufaganya.cat\\\/2020\\\/construccio-del-nou-santuari-de-s-magi-1732-contracte\\\/#article\",\"isPartOf\":{\"@id\":\"https:\\\/\\\/brufaganya.cat\\\/2020\\\/construccio-del-nou-santuari-de-s-magi-1732-contracte\\\/\"},\"author\":{\"name\":\"Brufaganya\",\"@id\":\"https:\\\/\\\/brufaganya.cat\\\/2020\\\/#\\\/schema\\\/person\\\/84a9265bdc1f63dd908765d806451e1a\"},\"headline\":\"Construcci\u00f3 del nou Santuari de S.Mag\u00ed 1732 . Contracte\",\"datePublished\":\"2018-10-23T10:43:53+00:00\",\"dateModified\":\"2018-11-15T10:54:29+00:00\",\"mainEntityOfPage\":{\"@id\":\"https:\\\/\\\/brufaganya.cat\\\/2020\\\/construccio-del-nou-santuari-de-s-magi-1732-contracte\\\/\"},\"wordCount\":256,\"commentCount\":0,\"publisher\":{\"@id\":\"https:\\\/\\\/brufaganya.cat\\\/2020\\\/#organization\"},\"image\":{\"@id\":\"https:\\\/\\\/brufaganya.cat\\\/2020\\\/construccio-del-nou-santuari-de-s-magi-1732-contracte\\\/#primaryimage\"},\"thumbnailUrl\":\"https:\\\/\\\/brufaganya.cat\\\/2020\\\/wp-content\\\/uploads\\\/2018\\\/11\\\/NOU-SANTUARI-001-790A.jpg\",\"keywords\":[\"Bibliografia\",\"Brufaganya\",\"Edificacions\",\"Hist\u00f2ria\",\"Monestir\"],\"articleSection\":[\"Arxiu documental \\\/ Hemeroteca\"],\"inLanguage\":\"ca\",\"potentialAction\":[{\"@type\":\"CommentAction\",\"name\":\"Comment\",\"target\":[\"https:\\\/\\\/brufaganya.cat\\\/2020\\\/construccio-del-nou-santuari-de-s-magi-1732-contracte\\\/#respond\"]}]},{\"@type\":\"WebPage\",\"@id\":\"https:\\\/\\\/brufaganya.cat\\\/2020\\\/construccio-del-nou-santuari-de-s-magi-1732-contracte\\\/\",\"url\":\"https:\\\/\\\/brufaganya.cat\\\/2020\\\/construccio-del-nou-santuari-de-s-magi-1732-contracte\\\/\",\"name\":\"Construcci\u00f3 del nou Santuari de S.Mag\u00ed 1732 . Contracte &#187; Sant Mag\u00ed de la Brufaganya\",\"isPartOf\":{\"@id\":\"https:\\\/\\\/brufaganya.cat\\\/2020\\\/#website\"},\"primaryImageOfPage\":{\"@id\":\"https:\\\/\\\/brufaganya.cat\\\/2020\\\/construccio-del-nou-santuari-de-s-magi-1732-contracte\\\/#primaryimage\"},\"image\":{\"@id\":\"https:\\\/\\\/brufaganya.cat\\\/2020\\\/construccio-del-nou-santuari-de-s-magi-1732-contracte\\\/#primaryimage\"},\"thumbnailUrl\":\"https:\\\/\\\/brufaganya.cat\\\/2020\\\/wp-content\\\/uploads\\\/2018\\\/11\\\/NOU-SANTUARI-001-790A.jpg\",\"datePublished\":\"2018-10-23T10:43:53+00:00\",\"dateModified\":\"2018-11-15T10:54:29+00:00\",\"breadcrumb\":{\"@id\":\"https:\\\/\\\/brufaganya.cat\\\/2020\\\/construccio-del-nou-santuari-de-s-magi-1732-contracte\\\/#breadcrumb\"},\"inLanguage\":\"ca\",\"potentialAction\":[{\"@type\":\"ReadAction\",\"target\":[\"https:\\\/\\\/brufaganya.cat\\\/2020\\\/construccio-del-nou-santuari-de-s-magi-1732-contracte\\\/\"]}]},{\"@type\":\"ImageObject\",\"inLanguage\":\"ca\",\"@id\":\"https:\\\/\\\/brufaganya.cat\\\/2020\\\/construccio-del-nou-santuari-de-s-magi-1732-contracte\\\/#primaryimage\",\"url\":\"https:\\\/\\\/brufaganya.cat\\\/2020\\\/wp-content\\\/uploads\\\/2018\\\/11\\\/NOU-SANTUARI-001-790A.jpg\",\"contentUrl\":\"https:\\\/\\\/brufaganya.cat\\\/2020\\\/wp-content\\\/uploads\\\/2018\\\/11\\\/NOU-SANTUARI-001-790A.jpg\",\"width\":790,\"height\":444,\"caption\":\"\u00das materials de la antiga esgl\u00e8sia\"},{\"@type\":\"BreadcrumbList\",\"@id\":\"https:\\\/\\\/brufaganya.cat\\\/2020\\\/construccio-del-nou-santuari-de-s-magi-1732-contracte\\\/#breadcrumb\",\"itemListElement\":[{\"@type\":\"ListItem\",\"position\":1,\"name\":\"Inici\",\"item\":\"https:\\\/\\\/brufaganya.cat\\\/2020\\\/\"},{\"@type\":\"ListItem\",\"position\":2,\"name\":\"Construcci\u00f3 del nou Santuari de S.Mag\u00ed 1732 . Contracte\"}]},{\"@type\":\"WebSite\",\"@id\":\"https:\\\/\\\/brufaganya.cat\\\/2020\\\/#website\",\"url\":\"https:\\\/\\\/brufaganya.cat\\\/2020\\\/\",\"name\":\"Sant Mag\u00ed de la Brufaganya\",\"description\":\"Lloc web de Sant Mag\u00ed de la Brufaganya\",\"publisher\":{\"@id\":\"https:\\\/\\\/brufaganya.cat\\\/2020\\\/#organization\"},\"potentialAction\":[{\"@type\":\"SearchAction\",\"target\":{\"@type\":\"EntryPoint\",\"urlTemplate\":\"https:\\\/\\\/brufaganya.cat\\\/2020\\\/?s={search_term_string}\"},\"query-input\":{\"@type\":\"PropertyValueSpecification\",\"valueRequired\":true,\"valueName\":\"search_term_string\"}}],\"inLanguage\":\"ca\"},{\"@type\":\"Organization\",\"@id\":\"https:\\\/\\\/brufaganya.cat\\\/2020\\\/#organization\",\"name\":\"Sant Mag\u00ed de Brufaganya\",\"url\":\"https:\\\/\\\/brufaganya.cat\\\/2020\\\/\",\"logo\":{\"@type\":\"ImageObject\",\"inLanguage\":\"ca\",\"@id\":\"https:\\\/\\\/brufaganya.cat\\\/2020\\\/#\\\/schema\\\/logo\\\/image\\\/\",\"url\":\"https:\\\/\\\/brufaganya.cat\\\/2020\\\/wp-content\\\/uploads\\\/2018\\\/11\\\/st_marti_bruga_horitz_posi_logo.jpg\",\"contentUrl\":\"https:\\\/\\\/brufaganya.cat\\\/2020\\\/wp-content\\\/uploads\\\/2018\\\/11\\\/st_marti_bruga_horitz_posi_logo.jpg\",\"width\":1479,\"height\":804,\"caption\":\"Sant Mag\u00ed de Brufaganya\"},\"image\":{\"@id\":\"https:\\\/\\\/brufaganya.cat\\\/2020\\\/#\\\/schema\\\/logo\\\/image\\\/\"},\"sameAs\":[\"https:\\\/\\\/ca.wikipedia.org\\\/wiki\\\/Sant_Mag\u00ed_de_Brufaganya\"]},{\"@type\":\"Person\",\"@id\":\"https:\\\/\\\/brufaganya.cat\\\/2020\\\/#\\\/schema\\\/person\\\/84a9265bdc1f63dd908765d806451e1a\",\"name\":\"Brufaganya\",\"image\":{\"@type\":\"ImageObject\",\"inLanguage\":\"ca\",\"@id\":\"https:\\\/\\\/secure.gravatar.com\\\/avatar\\\/a2d7e40e89d467ba5c5c4e1af71c136746d5598b73f538e3a263e569bf4b4666?s=96&d=mm&r=g\",\"url\":\"https:\\\/\\\/secure.gravatar.com\\\/avatar\\\/a2d7e40e89d467ba5c5c4e1af71c136746d5598b73f538e3a263e569bf4b4666?s=96&d=mm&r=g\",\"contentUrl\":\"https:\\\/\\\/secure.gravatar.com\\\/avatar\\\/a2d7e40e89d467ba5c5c4e1af71c136746d5598b73f538e3a263e569bf4b4666?s=96&d=mm&r=g\",\"caption\":\"Brufaganya\"},\"url\":\"https:\\\/\\\/brufaganya.cat\\\/2020\\\/author\\\/brufaganya\\\/\"}]}<\/script>\n<!-- \/ Yoast SEO plugin. -->","yoast_head_json":{"title":"Construcci\u00f3 del nou Santuari de S.Mag\u00ed 1732 . Contracte &#187; Sant Mag\u00ed de la Brufaganya","robots":{"index":"index","follow":"follow","max-snippet":"max-snippet:-1","max-image-preview":"max-image-preview:large","max-video-preview":"max-video-preview:-1"},"canonical":"https:\/\/brufaganya.cat\/2020\/construccio-del-nou-santuari-de-s-magi-1732-contracte\/","og_locale":"ca_ES","og_type":"article","og_title":"Construcci\u00f3 del nou Santuari de S.Mag\u00ed 1732 . Contracte &#187; Sant Mag\u00ed de la Brufaganya","og_description":"\u00abTaba de la obra que se a de executar en lo convent de Sant Mag\u00ed, de l&#8217;orde [de] pares predicadors per la construcci\u00f3 de la continuaci\u00f3 de la igl\u00e9sia, axis [&hellip;]","og_url":"https:\/\/brufaganya.cat\/2020\/construccio-del-nou-santuari-de-s-magi-1732-contracte\/","og_site_name":"Sant Mag\u00ed de la Brufaganya","article_published_time":"2018-10-23T10:43:53+00:00","article_modified_time":"2018-11-15T10:54:29+00:00","og_image":[{"width":790,"height":444,"url":"https:\/\/brufaganya.cat\/2020\/wp-content\/uploads\/2018\/11\/NOU-SANTUARI-001-790A.jpg","type":"image\/jpeg"}],"author":"Brufaganya","twitter_card":"summary_large_image","twitter_misc":{"Escrit per":"Brufaganya","Temps estimat de lectura":"1 minut"},"schema":{"@context":"https:\/\/schema.org","@graph":[{"@type":"Article","@id":"https:\/\/brufaganya.cat\/2020\/construccio-del-nou-santuari-de-s-magi-1732-contracte\/#article","isPartOf":{"@id":"https:\/\/brufaganya.cat\/2020\/construccio-del-nou-santuari-de-s-magi-1732-contracte\/"},"author":{"name":"Brufaganya","@id":"https:\/\/brufaganya.cat\/2020\/#\/schema\/person\/84a9265bdc1f63dd908765d806451e1a"},"headline":"Construcci\u00f3 del nou Santuari de S.Mag\u00ed 1732 . Contracte","datePublished":"2018-10-23T10:43:53+00:00","dateModified":"2018-11-15T10:54:29+00:00","mainEntityOfPage":{"@id":"https:\/\/brufaganya.cat\/2020\/construccio-del-nou-santuari-de-s-magi-1732-contracte\/"},"wordCount":256,"commentCount":0,"publisher":{"@id":"https:\/\/brufaganya.cat\/2020\/#organization"},"image":{"@id":"https:\/\/brufaganya.cat\/2020\/construccio-del-nou-santuari-de-s-magi-1732-contracte\/#primaryimage"},"thumbnailUrl":"https:\/\/brufaganya.cat\/2020\/wp-content\/uploads\/2018\/11\/NOU-SANTUARI-001-790A.jpg","keywords":["Bibliografia","Brufaganya","Edificacions","Hist\u00f2ria","Monestir"],"articleSection":["Arxiu documental \/ Hemeroteca"],"inLanguage":"ca","potentialAction":[{"@type":"CommentAction","name":"Comment","target":["https:\/\/brufaganya.cat\/2020\/construccio-del-nou-santuari-de-s-magi-1732-contracte\/#respond"]}]},{"@type":"WebPage","@id":"https:\/\/brufaganya.cat\/2020\/construccio-del-nou-santuari-de-s-magi-1732-contracte\/","url":"https:\/\/brufaganya.cat\/2020\/construccio-del-nou-santuari-de-s-magi-1732-contracte\/","name":"Construcci\u00f3 del nou Santuari de S.Mag\u00ed 1732 . Contracte &#187; Sant Mag\u00ed de la Brufaganya","isPartOf":{"@id":"https:\/\/brufaganya.cat\/2020\/#website"},"primaryImageOfPage":{"@id":"https:\/\/brufaganya.cat\/2020\/construccio-del-nou-santuari-de-s-magi-1732-contracte\/#primaryimage"},"image":{"@id":"https:\/\/brufaganya.cat\/2020\/construccio-del-nou-santuari-de-s-magi-1732-contracte\/#primaryimage"},"thumbnailUrl":"https:\/\/brufaganya.cat\/2020\/wp-content\/uploads\/2018\/11\/NOU-SANTUARI-001-790A.jpg","datePublished":"2018-10-23T10:43:53+00:00","dateModified":"2018-11-15T10:54:29+00:00","breadcrumb":{"@id":"https:\/\/brufaganya.cat\/2020\/construccio-del-nou-santuari-de-s-magi-1732-contracte\/#breadcrumb"},"inLanguage":"ca","potentialAction":[{"@type":"ReadAction","target":["https:\/\/brufaganya.cat\/2020\/construccio-del-nou-santuari-de-s-magi-1732-contracte\/"]}]},{"@type":"ImageObject","inLanguage":"ca","@id":"https:\/\/brufaganya.cat\/2020\/construccio-del-nou-santuari-de-s-magi-1732-contracte\/#primaryimage","url":"https:\/\/brufaganya.cat\/2020\/wp-content\/uploads\/2018\/11\/NOU-SANTUARI-001-790A.jpg","contentUrl":"https:\/\/brufaganya.cat\/2020\/wp-content\/uploads\/2018\/11\/NOU-SANTUARI-001-790A.jpg","width":790,"height":444,"caption":"\u00das materials de la antiga esgl\u00e8sia"},{"@type":"BreadcrumbList","@id":"https:\/\/brufaganya.cat\/2020\/construccio-del-nou-santuari-de-s-magi-1732-contracte\/#breadcrumb","itemListElement":[{"@type":"ListItem","position":1,"name":"Inici","item":"https:\/\/brufaganya.cat\/2020\/"},{"@type":"ListItem","position":2,"name":"Construcci\u00f3 del nou Santuari de S.Mag\u00ed 1732 . Contracte"}]},{"@type":"WebSite","@id":"https:\/\/brufaganya.cat\/2020\/#website","url":"https:\/\/brufaganya.cat\/2020\/","name":"Sant Mag\u00ed de la Brufaganya","description":"Lloc web de Sant Mag\u00ed de la Brufaganya","publisher":{"@id":"https:\/\/brufaganya.cat\/2020\/#organization"},"potentialAction":[{"@type":"SearchAction","target":{"@type":"EntryPoint","urlTemplate":"https:\/\/brufaganya.cat\/2020\/?s={search_term_string}"},"query-input":{"@type":"PropertyValueSpecification","valueRequired":true,"valueName":"search_term_string"}}],"inLanguage":"ca"},{"@type":"Organization","@id":"https:\/\/brufaganya.cat\/2020\/#organization","name":"Sant Mag\u00ed de Brufaganya","url":"https:\/\/brufaganya.cat\/2020\/","logo":{"@type":"ImageObject","inLanguage":"ca","@id":"https:\/\/brufaganya.cat\/2020\/#\/schema\/logo\/image\/","url":"https:\/\/brufaganya.cat\/2020\/wp-content\/uploads\/2018\/11\/st_marti_bruga_horitz_posi_logo.jpg","contentUrl":"https:\/\/brufaganya.cat\/2020\/wp-content\/uploads\/2018\/11\/st_marti_bruga_horitz_posi_logo.jpg","width":1479,"height":804,"caption":"Sant Mag\u00ed de Brufaganya"},"image":{"@id":"https:\/\/brufaganya.cat\/2020\/#\/schema\/logo\/image\/"},"sameAs":["https:\/\/ca.wikipedia.org\/wiki\/Sant_Mag\u00ed_de_Brufaganya"]},{"@type":"Person","@id":"https:\/\/brufaganya.cat\/2020\/#\/schema\/person\/84a9265bdc1f63dd908765d806451e1a","name":"Brufaganya","image":{"@type":"ImageObject","inLanguage":"ca","@id":"https:\/\/secure.gravatar.com\/avatar\/a2d7e40e89d467ba5c5c4e1af71c136746d5598b73f538e3a263e569bf4b4666?s=96&d=mm&r=g","url":"https:\/\/secure.gravatar.com\/avatar\/a2d7e40e89d467ba5c5c4e1af71c136746d5598b73f538e3a263e569bf4b4666?s=96&d=mm&r=g","contentUrl":"https:\/\/secure.gravatar.com\/avatar\/a2d7e40e89d467ba5c5c4e1af71c136746d5598b73f538e3a263e569bf4b4666?s=96&d=mm&r=g","caption":"Brufaganya"},"url":"https:\/\/brufaganya.cat\/2020\/author\/brufaganya\/"}]}},"_links":{"self":[{"href":"https:\/\/brufaganya.cat\/2020\/wp-json\/wp\/v2\/posts\/2761","targetHints":{"allow":["GET"]}}],"collection":[{"href":"https:\/\/brufaganya.cat\/2020\/wp-json\/wp\/v2\/posts"}],"about":[{"href":"https:\/\/brufaganya.cat\/2020\/wp-json\/wp\/v2\/types\/post"}],"author":[{"embeddable":true,"href":"https:\/\/brufaganya.cat\/2020\/wp-json\/wp\/v2\/users\/1"}],"replies":[{"embeddable":true,"href":"https:\/\/brufaganya.cat\/2020\/wp-json\/wp\/v2\/comments?post=2761"}],"version-history":[{"count":0,"href":"https:\/\/brufaganya.cat\/2020\/wp-json\/wp\/v2\/posts\/2761\/revisions"}],"wp:featuredmedia":[{"embeddable":true,"href":"https:\/\/brufaganya.cat\/2020\/wp-json\/wp\/v2\/media\/2764"}],"wp:attachment":[{"href":"https:\/\/brufaganya.cat\/2020\/wp-json\/wp\/v2\/media?parent=2761"}],"wp:term":[{"taxonomy":"category","embeddable":true,"href":"https:\/\/brufaganya.cat\/2020\/wp-json\/wp\/v2\/categories?post=2761"},{"taxonomy":"post_tag","embeddable":true,"href":"https:\/\/brufaganya.cat\/2020\/wp-json\/wp\/v2\/tags?post=2761"}],"curies":[{"name":"wp","href":"https:\/\/api.w.org\/{rel}","templated":true}]}}