{"id":2743,"date":"2018-10-21T16:33:09","date_gmt":"2018-10-21T14:33:09","guid":{"rendered":"https:\/\/tgd.info\/brufaganya001\/?p=2743"},"modified":"2024-10-11T19:20:08","modified_gmt":"2024-10-11T17:20:08","slug":"les-fonts-de-sant-magi","status":"publish","type":"post","link":"https:\/\/brufaganya.cat\/2020\/les-fonts-de-sant-magi\/","title":{"rendered":"Les Fonts de Sant Mag\u00ed"},"content":{"rendered":"<p>A la banda esquerra del barranc de Sant Mag\u00ed, i a poca dist\u00e0ncia del santuari, hi ha les Fonts que segons la tradici\u00f3 va fer brollar el sant. S\u00f3n quatre grans dolls d&#8217;aigua fluixa que &#8220;no cou ni mol&#8221;. Com que l&#8217;aigua es considerava miraculosa, hom bast\u00ed al seu costat un petit hospital per atendre els malalts; aquest hospital, documentat ja el 1556, fou traslladat al santuari el 1629. Damunt les fonts es constru\u00ed un petit oratori el 1562, ampliat al comen\u00e7ament del segle XVII, reedificat al segle XVIII i restaurat a principis dels anys vuitanta del segle XX.<\/p>\n<p>L&#8217;any 1603 el santuari fou cedit als dominicans de Santa Caterina de Barcelona que hi fundaren un convent de cinc membres que s&#8217;encarregaven de fomentar-hi la devoci\u00f3 i el culte.<\/p>\n<p>A ells es deu la construcci\u00f3 de la capella de les Fonts, situada al centre de la vall que, segons la tradici\u00f3, f\u00e9u brollar Sant Mag\u00ed per calmar la set dels seus perseguidors. Per saber-ne mes:<\/p>\n<p>Font: <a href=\"http:\/\/www.pontils.altanet.org\/municipi\/sant-magi-de-la-brufaganya\" target=\"_blank\" rel=\"noopener\">Pontils<\/a><\/p>\n","protected":false},"excerpt":{"rendered":"<p>A la banda esquerra del barranc de Sant Mag\u00ed, i a poca dist\u00e0ncia del santuari, hi ha les Fonts que segons la tradici\u00f3 va fer brollar el sant. S\u00f3n quatre [&hellip;]<\/p>\n","protected":false},"author":1,"featured_media":2744,"comment_status":"open","ping_status":"closed","sticky":false,"template":"","format":"standard","meta":{"inline_featured_image":false,"footnotes":""},"categories":[780],"tags":[793,789,790,794,791],"class_list":["post-2743","post","type-post","status-publish","format-standard","has-post-thumbnail","hentry","category-patrimoni-arquitectonic","tag-aigua","tag-brufaganya","tag-edificacions","tag-fonts","tag-historia"],"yoast_head":"<!-- This site is optimized with the Yoast SEO plugin v27.4 - https:\/\/yoast.com\/product\/yoast-seo-wordpress\/ -->\n<title>Les Fonts de Sant Mag\u00ed &#187; Sant Mag\u00ed de la Brufaganya<\/title>\n<meta name=\"robots\" content=\"index, follow, max-snippet:-1, max-image-preview:large, max-video-preview:-1\" \/>\n<link rel=\"canonical\" href=\"https:\/\/brufaganya.cat\/2020\/les-fonts-de-sant-magi\/\" \/>\n<meta property=\"og:locale\" content=\"ca_ES\" \/>\n<meta property=\"og:type\" content=\"article\" \/>\n<meta property=\"og:title\" content=\"Les Fonts de Sant Mag\u00ed &#187; Sant Mag\u00ed de la Brufaganya\" \/>\n<meta property=\"og:description\" content=\"A la banda esquerra del barranc de Sant Mag\u00ed, i a poca dist\u00e0ncia del santuari, hi ha les Fonts que segons la tradici\u00f3 va fer brollar el sant. S\u00f3n quatre [&hellip;]\" \/>\n<meta property=\"og:url\" content=\"https:\/\/brufaganya.cat\/2020\/les-fonts-de-sant-magi\/\" \/>\n<meta property=\"og:site_name\" content=\"Sant Mag\u00ed de la Brufaganya\" \/>\n<meta property=\"article:published_time\" content=\"2018-10-21T14:33:09+00:00\" \/>\n<meta property=\"article:modified_time\" content=\"2024-10-11T17:20:08+00:00\" \/>\n<meta property=\"og:image\" content=\"https:\/\/brufaganya.cat\/2020\/wp-content\/uploads\/2018\/11\/FONTS-ST-MAGI-001-790.jpg\" \/>\n\t<meta property=\"og:image:width\" content=\"790\" \/>\n\t<meta property=\"og:image:height\" content=\"444\" \/>\n\t<meta property=\"og:image:type\" content=\"image\/jpeg\" \/>\n<meta name=\"author\" content=\"Brufaganya\" \/>\n<meta name=\"twitter:card\" content=\"summary_large_image\" \/>\n<meta name=\"twitter:label1\" content=\"Escrit per\" \/>\n\t<meta name=\"twitter:data1\" content=\"Brufaganya\" \/>\n\t<meta name=\"twitter:label2\" content=\"Temps estimat de lectura\" \/>\n\t<meta name=\"twitter:data2\" content=\"2 minuts\" \/>\n<script type=\"application\/ld+json\" class=\"yoast-schema-graph\">{\"@context\":\"https:\\\/\\\/schema.org\",\"@graph\":[{\"@type\":\"Article\",\"@id\":\"https:\\\/\\\/brufaganya.cat\\\/2020\\\/les-fonts-de-sant-magi\\\/#article\",\"isPartOf\":{\"@id\":\"https:\\\/\\\/brufaganya.cat\\\/2020\\\/les-fonts-de-sant-magi\\\/\"},\"author\":{\"name\":\"Brufaganya\",\"@id\":\"https:\\\/\\\/brufaganya.cat\\\/2020\\\/#\\\/schema\\\/person\\\/84a9265bdc1f63dd908765d806451e1a\"},\"headline\":\"Les Fonts de Sant Mag\u00ed\",\"datePublished\":\"2018-10-21T14:33:09+00:00\",\"dateModified\":\"2024-10-11T17:20:08+00:00\",\"mainEntityOfPage\":{\"@id\":\"https:\\\/\\\/brufaganya.cat\\\/2020\\\/les-fonts-de-sant-magi\\\/\"},\"wordCount\":172,\"commentCount\":0,\"publisher\":{\"@id\":\"https:\\\/\\\/brufaganya.cat\\\/2020\\\/#organization\"},\"image\":{\"@id\":\"https:\\\/\\\/brufaganya.cat\\\/2020\\\/les-fonts-de-sant-magi\\\/#primaryimage\"},\"thumbnailUrl\":\"https:\\\/\\\/brufaganya.cat\\\/2020\\\/wp-content\\\/uploads\\\/2018\\\/11\\\/FONTS-ST-MAGI-001-790.jpg\",\"keywords\":[\"Aigua\",\"Brufaganya\",\"Edificacions\",\"Fonts\",\"Hist\u00f2ria\"],\"articleSection\":[\"Patrimoni arquitect\u00f2nic\"],\"inLanguage\":\"ca\",\"potentialAction\":[{\"@type\":\"CommentAction\",\"name\":\"Comment\",\"target\":[\"https:\\\/\\\/brufaganya.cat\\\/2020\\\/les-fonts-de-sant-magi\\\/#respond\"]}]},{\"@type\":\"WebPage\",\"@id\":\"https:\\\/\\\/brufaganya.cat\\\/2020\\\/les-fonts-de-sant-magi\\\/\",\"url\":\"https:\\\/\\\/brufaganya.cat\\\/2020\\\/les-fonts-de-sant-magi\\\/\",\"name\":\"Les Fonts de Sant Mag\u00ed &#187; Sant Mag\u00ed de la Brufaganya\",\"isPartOf\":{\"@id\":\"https:\\\/\\\/brufaganya.cat\\\/2020\\\/#website\"},\"primaryImageOfPage\":{\"@id\":\"https:\\\/\\\/brufaganya.cat\\\/2020\\\/les-fonts-de-sant-magi\\\/#primaryimage\"},\"image\":{\"@id\":\"https:\\\/\\\/brufaganya.cat\\\/2020\\\/les-fonts-de-sant-magi\\\/#primaryimage\"},\"thumbnailUrl\":\"https:\\\/\\\/brufaganya.cat\\\/2020\\\/wp-content\\\/uploads\\\/2018\\\/11\\\/FONTS-ST-MAGI-001-790.jpg\",\"datePublished\":\"2018-10-21T14:33:09+00:00\",\"dateModified\":\"2024-10-11T17:20:08+00:00\",\"breadcrumb\":{\"@id\":\"https:\\\/\\\/brufaganya.cat\\\/2020\\\/les-fonts-de-sant-magi\\\/#breadcrumb\"},\"inLanguage\":\"ca\",\"potentialAction\":[{\"@type\":\"ReadAction\",\"target\":[\"https:\\\/\\\/brufaganya.cat\\\/2020\\\/les-fonts-de-sant-magi\\\/\"]}]},{\"@type\":\"ImageObject\",\"inLanguage\":\"ca\",\"@id\":\"https:\\\/\\\/brufaganya.cat\\\/2020\\\/les-fonts-de-sant-magi\\\/#primaryimage\",\"url\":\"https:\\\/\\\/brufaganya.cat\\\/2020\\\/wp-content\\\/uploads\\\/2018\\\/11\\\/FONTS-ST-MAGI-001-790.jpg\",\"contentUrl\":\"https:\\\/\\\/brufaganya.cat\\\/2020\\\/wp-content\\\/uploads\\\/2018\\\/11\\\/FONTS-ST-MAGI-001-790.jpg\",\"width\":790,\"height\":444,\"caption\":\"Capella de les Fonts\"},{\"@type\":\"BreadcrumbList\",\"@id\":\"https:\\\/\\\/brufaganya.cat\\\/2020\\\/les-fonts-de-sant-magi\\\/#breadcrumb\",\"itemListElement\":[{\"@type\":\"ListItem\",\"position\":1,\"name\":\"Inici\",\"item\":\"https:\\\/\\\/brufaganya.cat\\\/2020\\\/\"},{\"@type\":\"ListItem\",\"position\":2,\"name\":\"Les Fonts de Sant Mag\u00ed\"}]},{\"@type\":\"WebSite\",\"@id\":\"https:\\\/\\\/brufaganya.cat\\\/2020\\\/#website\",\"url\":\"https:\\\/\\\/brufaganya.cat\\\/2020\\\/\",\"name\":\"Sant Mag\u00ed de la Brufaganya\",\"description\":\"Lloc web de Sant Mag\u00ed de la Brufaganya\",\"publisher\":{\"@id\":\"https:\\\/\\\/brufaganya.cat\\\/2020\\\/#organization\"},\"potentialAction\":[{\"@type\":\"SearchAction\",\"target\":{\"@type\":\"EntryPoint\",\"urlTemplate\":\"https:\\\/\\\/brufaganya.cat\\\/2020\\\/?s={search_term_string}\"},\"query-input\":{\"@type\":\"PropertyValueSpecification\",\"valueRequired\":true,\"valueName\":\"search_term_string\"}}],\"inLanguage\":\"ca\"},{\"@type\":\"Organization\",\"@id\":\"https:\\\/\\\/brufaganya.cat\\\/2020\\\/#organization\",\"name\":\"Sant Mag\u00ed de Brufaganya\",\"url\":\"https:\\\/\\\/brufaganya.cat\\\/2020\\\/\",\"logo\":{\"@type\":\"ImageObject\",\"inLanguage\":\"ca\",\"@id\":\"https:\\\/\\\/brufaganya.cat\\\/2020\\\/#\\\/schema\\\/logo\\\/image\\\/\",\"url\":\"https:\\\/\\\/brufaganya.cat\\\/2020\\\/wp-content\\\/uploads\\\/2018\\\/11\\\/st_marti_bruga_horitz_posi_logo.jpg\",\"contentUrl\":\"https:\\\/\\\/brufaganya.cat\\\/2020\\\/wp-content\\\/uploads\\\/2018\\\/11\\\/st_marti_bruga_horitz_posi_logo.jpg\",\"width\":1479,\"height\":804,\"caption\":\"Sant Mag\u00ed de Brufaganya\"},\"image\":{\"@id\":\"https:\\\/\\\/brufaganya.cat\\\/2020\\\/#\\\/schema\\\/logo\\\/image\\\/\"},\"sameAs\":[\"https:\\\/\\\/ca.wikipedia.org\\\/wiki\\\/Sant_Mag\u00ed_de_Brufaganya\"]},{\"@type\":\"Person\",\"@id\":\"https:\\\/\\\/brufaganya.cat\\\/2020\\\/#\\\/schema\\\/person\\\/84a9265bdc1f63dd908765d806451e1a\",\"name\":\"Brufaganya\",\"image\":{\"@type\":\"ImageObject\",\"inLanguage\":\"ca\",\"@id\":\"https:\\\/\\\/secure.gravatar.com\\\/avatar\\\/a2d7e40e89d467ba5c5c4e1af71c136746d5598b73f538e3a263e569bf4b4666?s=96&d=mm&r=g\",\"url\":\"https:\\\/\\\/secure.gravatar.com\\\/avatar\\\/a2d7e40e89d467ba5c5c4e1af71c136746d5598b73f538e3a263e569bf4b4666?s=96&d=mm&r=g\",\"contentUrl\":\"https:\\\/\\\/secure.gravatar.com\\\/avatar\\\/a2d7e40e89d467ba5c5c4e1af71c136746d5598b73f538e3a263e569bf4b4666?s=96&d=mm&r=g\",\"caption\":\"Brufaganya\"},\"url\":\"https:\\\/\\\/brufaganya.cat\\\/2020\\\/author\\\/brufaganya\\\/\"}]}<\/script>\n<!-- \/ Yoast SEO plugin. -->","yoast_head_json":{"title":"Les Fonts de Sant Mag\u00ed &#187; Sant Mag\u00ed de la Brufaganya","robots":{"index":"index","follow":"follow","max-snippet":"max-snippet:-1","max-image-preview":"max-image-preview:large","max-video-preview":"max-video-preview:-1"},"canonical":"https:\/\/brufaganya.cat\/2020\/les-fonts-de-sant-magi\/","og_locale":"ca_ES","og_type":"article","og_title":"Les Fonts de Sant Mag\u00ed &#187; Sant Mag\u00ed de la Brufaganya","og_description":"A la banda esquerra del barranc de Sant Mag\u00ed, i a poca dist\u00e0ncia del santuari, hi ha les Fonts que segons la tradici\u00f3 va fer brollar el sant. S\u00f3n quatre [&hellip;]","og_url":"https:\/\/brufaganya.cat\/2020\/les-fonts-de-sant-magi\/","og_site_name":"Sant Mag\u00ed de la Brufaganya","article_published_time":"2018-10-21T14:33:09+00:00","article_modified_time":"2024-10-11T17:20:08+00:00","og_image":[{"width":790,"height":444,"url":"https:\/\/brufaganya.cat\/2020\/wp-content\/uploads\/2018\/11\/FONTS-ST-MAGI-001-790.jpg","type":"image\/jpeg"}],"author":"Brufaganya","twitter_card":"summary_large_image","twitter_misc":{"Escrit per":"Brufaganya","Temps estimat de lectura":"2 minuts"},"schema":{"@context":"https:\/\/schema.org","@graph":[{"@type":"Article","@id":"https:\/\/brufaganya.cat\/2020\/les-fonts-de-sant-magi\/#article","isPartOf":{"@id":"https:\/\/brufaganya.cat\/2020\/les-fonts-de-sant-magi\/"},"author":{"name":"Brufaganya","@id":"https:\/\/brufaganya.cat\/2020\/#\/schema\/person\/84a9265bdc1f63dd908765d806451e1a"},"headline":"Les Fonts de Sant Mag\u00ed","datePublished":"2018-10-21T14:33:09+00:00","dateModified":"2024-10-11T17:20:08+00:00","mainEntityOfPage":{"@id":"https:\/\/brufaganya.cat\/2020\/les-fonts-de-sant-magi\/"},"wordCount":172,"commentCount":0,"publisher":{"@id":"https:\/\/brufaganya.cat\/2020\/#organization"},"image":{"@id":"https:\/\/brufaganya.cat\/2020\/les-fonts-de-sant-magi\/#primaryimage"},"thumbnailUrl":"https:\/\/brufaganya.cat\/2020\/wp-content\/uploads\/2018\/11\/FONTS-ST-MAGI-001-790.jpg","keywords":["Aigua","Brufaganya","Edificacions","Fonts","Hist\u00f2ria"],"articleSection":["Patrimoni arquitect\u00f2nic"],"inLanguage":"ca","potentialAction":[{"@type":"CommentAction","name":"Comment","target":["https:\/\/brufaganya.cat\/2020\/les-fonts-de-sant-magi\/#respond"]}]},{"@type":"WebPage","@id":"https:\/\/brufaganya.cat\/2020\/les-fonts-de-sant-magi\/","url":"https:\/\/brufaganya.cat\/2020\/les-fonts-de-sant-magi\/","name":"Les Fonts de Sant Mag\u00ed &#187; Sant Mag\u00ed de la Brufaganya","isPartOf":{"@id":"https:\/\/brufaganya.cat\/2020\/#website"},"primaryImageOfPage":{"@id":"https:\/\/brufaganya.cat\/2020\/les-fonts-de-sant-magi\/#primaryimage"},"image":{"@id":"https:\/\/brufaganya.cat\/2020\/les-fonts-de-sant-magi\/#primaryimage"},"thumbnailUrl":"https:\/\/brufaganya.cat\/2020\/wp-content\/uploads\/2018\/11\/FONTS-ST-MAGI-001-790.jpg","datePublished":"2018-10-21T14:33:09+00:00","dateModified":"2024-10-11T17:20:08+00:00","breadcrumb":{"@id":"https:\/\/brufaganya.cat\/2020\/les-fonts-de-sant-magi\/#breadcrumb"},"inLanguage":"ca","potentialAction":[{"@type":"ReadAction","target":["https:\/\/brufaganya.cat\/2020\/les-fonts-de-sant-magi\/"]}]},{"@type":"ImageObject","inLanguage":"ca","@id":"https:\/\/brufaganya.cat\/2020\/les-fonts-de-sant-magi\/#primaryimage","url":"https:\/\/brufaganya.cat\/2020\/wp-content\/uploads\/2018\/11\/FONTS-ST-MAGI-001-790.jpg","contentUrl":"https:\/\/brufaganya.cat\/2020\/wp-content\/uploads\/2018\/11\/FONTS-ST-MAGI-001-790.jpg","width":790,"height":444,"caption":"Capella de les Fonts"},{"@type":"BreadcrumbList","@id":"https:\/\/brufaganya.cat\/2020\/les-fonts-de-sant-magi\/#breadcrumb","itemListElement":[{"@type":"ListItem","position":1,"name":"Inici","item":"https:\/\/brufaganya.cat\/2020\/"},{"@type":"ListItem","position":2,"name":"Les Fonts de Sant Mag\u00ed"}]},{"@type":"WebSite","@id":"https:\/\/brufaganya.cat\/2020\/#website","url":"https:\/\/brufaganya.cat\/2020\/","name":"Sant Mag\u00ed de la Brufaganya","description":"Lloc web de Sant Mag\u00ed de la Brufaganya","publisher":{"@id":"https:\/\/brufaganya.cat\/2020\/#organization"},"potentialAction":[{"@type":"SearchAction","target":{"@type":"EntryPoint","urlTemplate":"https:\/\/brufaganya.cat\/2020\/?s={search_term_string}"},"query-input":{"@type":"PropertyValueSpecification","valueRequired":true,"valueName":"search_term_string"}}],"inLanguage":"ca"},{"@type":"Organization","@id":"https:\/\/brufaganya.cat\/2020\/#organization","name":"Sant Mag\u00ed de Brufaganya","url":"https:\/\/brufaganya.cat\/2020\/","logo":{"@type":"ImageObject","inLanguage":"ca","@id":"https:\/\/brufaganya.cat\/2020\/#\/schema\/logo\/image\/","url":"https:\/\/brufaganya.cat\/2020\/wp-content\/uploads\/2018\/11\/st_marti_bruga_horitz_posi_logo.jpg","contentUrl":"https:\/\/brufaganya.cat\/2020\/wp-content\/uploads\/2018\/11\/st_marti_bruga_horitz_posi_logo.jpg","width":1479,"height":804,"caption":"Sant Mag\u00ed de Brufaganya"},"image":{"@id":"https:\/\/brufaganya.cat\/2020\/#\/schema\/logo\/image\/"},"sameAs":["https:\/\/ca.wikipedia.org\/wiki\/Sant_Mag\u00ed_de_Brufaganya"]},{"@type":"Person","@id":"https:\/\/brufaganya.cat\/2020\/#\/schema\/person\/84a9265bdc1f63dd908765d806451e1a","name":"Brufaganya","image":{"@type":"ImageObject","inLanguage":"ca","@id":"https:\/\/secure.gravatar.com\/avatar\/a2d7e40e89d467ba5c5c4e1af71c136746d5598b73f538e3a263e569bf4b4666?s=96&d=mm&r=g","url":"https:\/\/secure.gravatar.com\/avatar\/a2d7e40e89d467ba5c5c4e1af71c136746d5598b73f538e3a263e569bf4b4666?s=96&d=mm&r=g","contentUrl":"https:\/\/secure.gravatar.com\/avatar\/a2d7e40e89d467ba5c5c4e1af71c136746d5598b73f538e3a263e569bf4b4666?s=96&d=mm&r=g","caption":"Brufaganya"},"url":"https:\/\/brufaganya.cat\/2020\/author\/brufaganya\/"}]}},"_links":{"self":[{"href":"https:\/\/brufaganya.cat\/2020\/wp-json\/wp\/v2\/posts\/2743","targetHints":{"allow":["GET"]}}],"collection":[{"href":"https:\/\/brufaganya.cat\/2020\/wp-json\/wp\/v2\/posts"}],"about":[{"href":"https:\/\/brufaganya.cat\/2020\/wp-json\/wp\/v2\/types\/post"}],"author":[{"embeddable":true,"href":"https:\/\/brufaganya.cat\/2020\/wp-json\/wp\/v2\/users\/1"}],"replies":[{"embeddable":true,"href":"https:\/\/brufaganya.cat\/2020\/wp-json\/wp\/v2\/comments?post=2743"}],"version-history":[{"count":0,"href":"https:\/\/brufaganya.cat\/2020\/wp-json\/wp\/v2\/posts\/2743\/revisions"}],"wp:featuredmedia":[{"embeddable":true,"href":"https:\/\/brufaganya.cat\/2020\/wp-json\/wp\/v2\/media\/2744"}],"wp:attachment":[{"href":"https:\/\/brufaganya.cat\/2020\/wp-json\/wp\/v2\/media?parent=2743"}],"wp:term":[{"taxonomy":"category","embeddable":true,"href":"https:\/\/brufaganya.cat\/2020\/wp-json\/wp\/v2\/categories?post=2743"},{"taxonomy":"post_tag","embeddable":true,"href":"https:\/\/brufaganya.cat\/2020\/wp-json\/wp\/v2\/tags?post=2743"}],"curies":[{"name":"wp","href":"https:\/\/api.w.org\/{rel}","templated":true}]}}