{"id":2738,"date":"2018-10-21T16:23:25","date_gmt":"2018-10-21T14:23:25","guid":{"rendered":"https:\/\/tgd.info\/brufaganya001\/?p=2738"},"modified":"2024-10-11T19:17:54","modified_gmt":"2024-10-11T17:17:54","slug":"monestir-de-sant-magi-de-la-brufaganya","status":"publish","type":"post","link":"https:\/\/brufaganya.cat\/2020\/monestir-de-sant-magi-de-la-brufaganya\/","title":{"rendered":"Convent de Sant Mag\u00ed de la Brufaganya"},"content":{"rendered":"<p>El Santuari existia ja el 1234 i fou molt popular a partir del s. XIII. Segons una tradici\u00f3, hi f\u00e9u penit\u00e8ncia sant Mag\u00ed, un m\u00e0rtir tarragon\u00ed de vida i exist\u00e8ncia llegend\u00e0ries. El 1603 el santuari fou cedit als dominicans de Santa Caterina de Barcelona, que hi fundaren un convent de cinc membres, els quals tenien cura del santuari i fomentaren la devoci\u00f3 i el culte del lloc.<\/p>\n<p>El 1703 el mestre general de l&#8217;ordre Tom\u00e0s Ripoll f\u00e9u construir l&#8217;actual esgl\u00e9sia del santuari, de tipus barroc-neocl\u00e0ssic, amb tres capelles per banda i un petit campanar a cada costat de la fa\u00e7ana. El convent fou exclaustrat el 1835. El santuari continu\u00e0 com a parr\u00f2quia de la rodalia, en especial del poblet de Rocamora, i per aix\u00f2 \u00e9s anomenat sovint Sant Mag\u00ed de Rocamora.<\/p>\n<p>\u00c9s un santuari molt popular, i el seu aplec \u00e9s el 19 d&#8217;agost, dia de Sant Mag\u00ed.<\/p>\n<p>Font: Enciclop\u00e8dia Catalana<\/p>\n<table class=\"taulesDeDins\">\n<tbody>\n<tr>\n<td align=\"left\" width=\"100%\"><strong>Descripci\u00f3<\/strong><\/td>\n<\/tr>\n<tr>\n<td align=\"left\" width=\"100%\">\n<div>\n<p><span id=\"descripcioExpanded\">Recinte format per una esgl\u00e9sia, un edifici conventual i altres depend\u00e8ncies, com l&#8217;actual rectoria. El conjunt, for\u00e7a heterogeni palesa les diferents etapes constructives que ha sofert, degudes principalment a diferents ampliacions i als saquejos dels anys 1714, 1835 i 1936.<\/span><\/p>\n<p>Esgl\u00e9sia<\/p>\n<p>Esgl\u00e9sia d&#8217;una sola nau amb capelles laterals i cambril en el presbiteri. La nau t\u00e9 quatre trams coberts amb volta de can\u00f3 i llunetes sobre els arcs faixons de mig punt, aix\u00ed com pilars amb pilastres de cornises motllurades. Les capelles laterals estan cobertes amb volta d&#8217;aresta i la cap\u00e7alera per una c\u00fapula rebaixada sobre petxines. Darrera l&#8217;altar s&#8217;aixeca un cambril amb una imatge moderna del Sant titular. Al costat de l&#8217;ep\u00edstola s&#8217;observen les restes del cor dels monjos, que es comunicaven amb l&#8217;esgl\u00e9sia a trav\u00e9s de gelosies de fusta. Sota la c\u00fapula es troba la cripta.<\/p>\n<p>Font: Inventari del Patrimoni\u00a0 Arquitect\u00f2nic<\/p>\n<\/div>\n<\/td>\n<\/tr>\n<\/tbody>\n<\/table>\n<p>Per saber-ne mes:<\/p>\n<p><a href=\"http:\/\/invarquit.cultura.gencat.cat\/Cerca\/Fitxa?index=0&amp;consulta=&amp;codi=12978\">Inventari del Patrimoni de Catalunya<\/a><br \/>\n<a href=\"https:\/\/www.monestirs.cat\/monst\/conca\/cco11bruf.htm\" target=\"_blank\" rel=\"noopener\">Monasterios de Catalunya<\/a><br \/>\n<a href=\"http:\/\/www.pontils.altanet.org\/municipi\/sant-magi-de-la-brufaganya\" target=\"_blank\" rel=\"noopener\">Pontils<\/a><\/p>\n","protected":false},"excerpt":{"rendered":"<p>El Santuari existia ja el 1234 i fou molt popular a partir del s. XIII. Segons una tradici\u00f3, hi f\u00e9u penit\u00e8ncia sant Mag\u00ed, un m\u00e0rtir tarragon\u00ed de vida i exist\u00e8ncia [&hellip;]<\/p>\n","protected":false},"author":1,"featured_media":2740,"comment_status":"open","ping_status":"closed","sticky":false,"template":"","format":"standard","meta":{"inline_featured_image":false,"footnotes":""},"categories":[780],"tags":[789,790,791,792],"class_list":["post-2738","post","type-post","status-publish","format-standard","has-post-thumbnail","hentry","category-patrimoni-arquitectonic","tag-brufaganya","tag-edificacions","tag-historia","tag-monestir"],"yoast_head":"<!-- This site is optimized with the Yoast SEO plugin v27.4 - https:\/\/yoast.com\/product\/yoast-seo-wordpress\/ -->\n<title>Convent de Sant Mag\u00ed de la Brufaganya &#187; Sant Mag\u00ed de la Brufaganya<\/title>\n<meta name=\"robots\" content=\"index, follow, max-snippet:-1, max-image-preview:large, max-video-preview:-1\" \/>\n<link rel=\"canonical\" href=\"https:\/\/brufaganya.cat\/2020\/monestir-de-sant-magi-de-la-brufaganya\/\" \/>\n<meta property=\"og:locale\" content=\"ca_ES\" \/>\n<meta property=\"og:type\" content=\"article\" \/>\n<meta property=\"og:title\" content=\"Convent de Sant Mag\u00ed de la Brufaganya &#187; Sant Mag\u00ed de la Brufaganya\" \/>\n<meta property=\"og:description\" content=\"El Santuari existia ja el 1234 i fou molt popular a partir del s. XIII. Segons una tradici\u00f3, hi f\u00e9u penit\u00e8ncia sant Mag\u00ed, un m\u00e0rtir tarragon\u00ed de vida i exist\u00e8ncia [&hellip;]\" \/>\n<meta property=\"og:url\" content=\"https:\/\/brufaganya.cat\/2020\/monestir-de-sant-magi-de-la-brufaganya\/\" \/>\n<meta property=\"og:site_name\" content=\"Sant Mag\u00ed de la Brufaganya\" \/>\n<meta property=\"article:published_time\" content=\"2018-10-21T14:23:25+00:00\" \/>\n<meta property=\"article:modified_time\" content=\"2024-10-11T17:17:54+00:00\" \/>\n<meta property=\"og:image\" content=\"https:\/\/brufaganya.cat\/2020\/wp-content\/uploads\/2018\/11\/MONESTIR-ST-MAGI-BRUFAGANYA-001-790.jpg\" \/>\n\t<meta property=\"og:image:width\" content=\"790\" \/>\n\t<meta property=\"og:image:height\" content=\"444\" \/>\n\t<meta property=\"og:image:type\" content=\"image\/jpeg\" \/>\n<meta name=\"author\" content=\"Brufaganya\" \/>\n<meta name=\"twitter:card\" content=\"summary_large_image\" \/>\n<meta name=\"twitter:label1\" content=\"Escrit per\" \/>\n\t<meta name=\"twitter:data1\" content=\"Brufaganya\" \/>\n\t<meta name=\"twitter:label2\" content=\"Temps estimat de lectura\" \/>\n\t<meta name=\"twitter:data2\" content=\"2 minuts\" \/>\n<script type=\"application\/ld+json\" class=\"yoast-schema-graph\">{\"@context\":\"https:\\\/\\\/schema.org\",\"@graph\":[{\"@type\":\"Article\",\"@id\":\"https:\\\/\\\/brufaganya.cat\\\/2020\\\/monestir-de-sant-magi-de-la-brufaganya\\\/#article\",\"isPartOf\":{\"@id\":\"https:\\\/\\\/brufaganya.cat\\\/2020\\\/monestir-de-sant-magi-de-la-brufaganya\\\/\"},\"author\":{\"name\":\"Brufaganya\",\"@id\":\"https:\\\/\\\/brufaganya.cat\\\/2020\\\/#\\\/schema\\\/person\\\/84a9265bdc1f63dd908765d806451e1a\"},\"headline\":\"Convent de Sant Mag\u00ed de la Brufaganya\",\"datePublished\":\"2018-10-21T14:23:25+00:00\",\"dateModified\":\"2024-10-11T17:17:54+00:00\",\"mainEntityOfPage\":{\"@id\":\"https:\\\/\\\/brufaganya.cat\\\/2020\\\/monestir-de-sant-magi-de-la-brufaganya\\\/\"},\"wordCount\":330,\"commentCount\":0,\"publisher\":{\"@id\":\"https:\\\/\\\/brufaganya.cat\\\/2020\\\/#organization\"},\"image\":{\"@id\":\"https:\\\/\\\/brufaganya.cat\\\/2020\\\/monestir-de-sant-magi-de-la-brufaganya\\\/#primaryimage\"},\"thumbnailUrl\":\"https:\\\/\\\/brufaganya.cat\\\/2020\\\/wp-content\\\/uploads\\\/2018\\\/11\\\/MONESTIR-ST-MAGI-BRUFAGANYA-001-790.jpg\",\"keywords\":[\"Brufaganya\",\"Edificacions\",\"Hist\u00f2ria\",\"Monestir\"],\"articleSection\":[\"Patrimoni arquitect\u00f2nic\"],\"inLanguage\":\"ca\",\"potentialAction\":[{\"@type\":\"CommentAction\",\"name\":\"Comment\",\"target\":[\"https:\\\/\\\/brufaganya.cat\\\/2020\\\/monestir-de-sant-magi-de-la-brufaganya\\\/#respond\"]}]},{\"@type\":\"WebPage\",\"@id\":\"https:\\\/\\\/brufaganya.cat\\\/2020\\\/monestir-de-sant-magi-de-la-brufaganya\\\/\",\"url\":\"https:\\\/\\\/brufaganya.cat\\\/2020\\\/monestir-de-sant-magi-de-la-brufaganya\\\/\",\"name\":\"Convent de Sant Mag\u00ed de la Brufaganya &#187; Sant Mag\u00ed de la Brufaganya\",\"isPartOf\":{\"@id\":\"https:\\\/\\\/brufaganya.cat\\\/2020\\\/#website\"},\"primaryImageOfPage\":{\"@id\":\"https:\\\/\\\/brufaganya.cat\\\/2020\\\/monestir-de-sant-magi-de-la-brufaganya\\\/#primaryimage\"},\"image\":{\"@id\":\"https:\\\/\\\/brufaganya.cat\\\/2020\\\/monestir-de-sant-magi-de-la-brufaganya\\\/#primaryimage\"},\"thumbnailUrl\":\"https:\\\/\\\/brufaganya.cat\\\/2020\\\/wp-content\\\/uploads\\\/2018\\\/11\\\/MONESTIR-ST-MAGI-BRUFAGANYA-001-790.jpg\",\"datePublished\":\"2018-10-21T14:23:25+00:00\",\"dateModified\":\"2024-10-11T17:17:54+00:00\",\"breadcrumb\":{\"@id\":\"https:\\\/\\\/brufaganya.cat\\\/2020\\\/monestir-de-sant-magi-de-la-brufaganya\\\/#breadcrumb\"},\"inLanguage\":\"ca\",\"potentialAction\":[{\"@type\":\"ReadAction\",\"target\":[\"https:\\\/\\\/brufaganya.cat\\\/2020\\\/monestir-de-sant-magi-de-la-brufaganya\\\/\"]}]},{\"@type\":\"ImageObject\",\"inLanguage\":\"ca\",\"@id\":\"https:\\\/\\\/brufaganya.cat\\\/2020\\\/monestir-de-sant-magi-de-la-brufaganya\\\/#primaryimage\",\"url\":\"https:\\\/\\\/brufaganya.cat\\\/2020\\\/wp-content\\\/uploads\\\/2018\\\/11\\\/MONESTIR-ST-MAGI-BRUFAGANYA-001-790.jpg\",\"contentUrl\":\"https:\\\/\\\/brufaganya.cat\\\/2020\\\/wp-content\\\/uploads\\\/2018\\\/11\\\/MONESTIR-ST-MAGI-BRUFAGANYA-001-790.jpg\",\"width\":790,\"height\":444},{\"@type\":\"BreadcrumbList\",\"@id\":\"https:\\\/\\\/brufaganya.cat\\\/2020\\\/monestir-de-sant-magi-de-la-brufaganya\\\/#breadcrumb\",\"itemListElement\":[{\"@type\":\"ListItem\",\"position\":1,\"name\":\"Inici\",\"item\":\"https:\\\/\\\/brufaganya.cat\\\/2020\\\/\"},{\"@type\":\"ListItem\",\"position\":2,\"name\":\"Convent de Sant Mag\u00ed de la Brufaganya\"}]},{\"@type\":\"WebSite\",\"@id\":\"https:\\\/\\\/brufaganya.cat\\\/2020\\\/#website\",\"url\":\"https:\\\/\\\/brufaganya.cat\\\/2020\\\/\",\"name\":\"Sant Mag\u00ed de la Brufaganya\",\"description\":\"Lloc web de Sant Mag\u00ed de la Brufaganya\",\"publisher\":{\"@id\":\"https:\\\/\\\/brufaganya.cat\\\/2020\\\/#organization\"},\"potentialAction\":[{\"@type\":\"SearchAction\",\"target\":{\"@type\":\"EntryPoint\",\"urlTemplate\":\"https:\\\/\\\/brufaganya.cat\\\/2020\\\/?s={search_term_string}\"},\"query-input\":{\"@type\":\"PropertyValueSpecification\",\"valueRequired\":true,\"valueName\":\"search_term_string\"}}],\"inLanguage\":\"ca\"},{\"@type\":\"Organization\",\"@id\":\"https:\\\/\\\/brufaganya.cat\\\/2020\\\/#organization\",\"name\":\"Sant Mag\u00ed de Brufaganya\",\"url\":\"https:\\\/\\\/brufaganya.cat\\\/2020\\\/\",\"logo\":{\"@type\":\"ImageObject\",\"inLanguage\":\"ca\",\"@id\":\"https:\\\/\\\/brufaganya.cat\\\/2020\\\/#\\\/schema\\\/logo\\\/image\\\/\",\"url\":\"https:\\\/\\\/brufaganya.cat\\\/2020\\\/wp-content\\\/uploads\\\/2018\\\/11\\\/st_marti_bruga_horitz_posi_logo.jpg\",\"contentUrl\":\"https:\\\/\\\/brufaganya.cat\\\/2020\\\/wp-content\\\/uploads\\\/2018\\\/11\\\/st_marti_bruga_horitz_posi_logo.jpg\",\"width\":1479,\"height\":804,\"caption\":\"Sant Mag\u00ed de Brufaganya\"},\"image\":{\"@id\":\"https:\\\/\\\/brufaganya.cat\\\/2020\\\/#\\\/schema\\\/logo\\\/image\\\/\"},\"sameAs\":[\"https:\\\/\\\/ca.wikipedia.org\\\/wiki\\\/Sant_Mag\u00ed_de_Brufaganya\"]},{\"@type\":\"Person\",\"@id\":\"https:\\\/\\\/brufaganya.cat\\\/2020\\\/#\\\/schema\\\/person\\\/84a9265bdc1f63dd908765d806451e1a\",\"name\":\"Brufaganya\",\"image\":{\"@type\":\"ImageObject\",\"inLanguage\":\"ca\",\"@id\":\"https:\\\/\\\/secure.gravatar.com\\\/avatar\\\/a2d7e40e89d467ba5c5c4e1af71c136746d5598b73f538e3a263e569bf4b4666?s=96&d=mm&r=g\",\"url\":\"https:\\\/\\\/secure.gravatar.com\\\/avatar\\\/a2d7e40e89d467ba5c5c4e1af71c136746d5598b73f538e3a263e569bf4b4666?s=96&d=mm&r=g\",\"contentUrl\":\"https:\\\/\\\/secure.gravatar.com\\\/avatar\\\/a2d7e40e89d467ba5c5c4e1af71c136746d5598b73f538e3a263e569bf4b4666?s=96&d=mm&r=g\",\"caption\":\"Brufaganya\"},\"url\":\"https:\\\/\\\/brufaganya.cat\\\/2020\\\/author\\\/brufaganya\\\/\"}]}<\/script>\n<!-- \/ Yoast SEO plugin. -->","yoast_head_json":{"title":"Convent de Sant Mag\u00ed de la Brufaganya &#187; Sant Mag\u00ed de la Brufaganya","robots":{"index":"index","follow":"follow","max-snippet":"max-snippet:-1","max-image-preview":"max-image-preview:large","max-video-preview":"max-video-preview:-1"},"canonical":"https:\/\/brufaganya.cat\/2020\/monestir-de-sant-magi-de-la-brufaganya\/","og_locale":"ca_ES","og_type":"article","og_title":"Convent de Sant Mag\u00ed de la Brufaganya &#187; Sant Mag\u00ed de la Brufaganya","og_description":"El Santuari existia ja el 1234 i fou molt popular a partir del s. XIII. Segons una tradici\u00f3, hi f\u00e9u penit\u00e8ncia sant Mag\u00ed, un m\u00e0rtir tarragon\u00ed de vida i exist\u00e8ncia [&hellip;]","og_url":"https:\/\/brufaganya.cat\/2020\/monestir-de-sant-magi-de-la-brufaganya\/","og_site_name":"Sant Mag\u00ed de la Brufaganya","article_published_time":"2018-10-21T14:23:25+00:00","article_modified_time":"2024-10-11T17:17:54+00:00","og_image":[{"width":790,"height":444,"url":"https:\/\/brufaganya.cat\/2020\/wp-content\/uploads\/2018\/11\/MONESTIR-ST-MAGI-BRUFAGANYA-001-790.jpg","type":"image\/jpeg"}],"author":"Brufaganya","twitter_card":"summary_large_image","twitter_misc":{"Escrit per":"Brufaganya","Temps estimat de lectura":"2 minuts"},"schema":{"@context":"https:\/\/schema.org","@graph":[{"@type":"Article","@id":"https:\/\/brufaganya.cat\/2020\/monestir-de-sant-magi-de-la-brufaganya\/#article","isPartOf":{"@id":"https:\/\/brufaganya.cat\/2020\/monestir-de-sant-magi-de-la-brufaganya\/"},"author":{"name":"Brufaganya","@id":"https:\/\/brufaganya.cat\/2020\/#\/schema\/person\/84a9265bdc1f63dd908765d806451e1a"},"headline":"Convent de Sant Mag\u00ed de la Brufaganya","datePublished":"2018-10-21T14:23:25+00:00","dateModified":"2024-10-11T17:17:54+00:00","mainEntityOfPage":{"@id":"https:\/\/brufaganya.cat\/2020\/monestir-de-sant-magi-de-la-brufaganya\/"},"wordCount":330,"commentCount":0,"publisher":{"@id":"https:\/\/brufaganya.cat\/2020\/#organization"},"image":{"@id":"https:\/\/brufaganya.cat\/2020\/monestir-de-sant-magi-de-la-brufaganya\/#primaryimage"},"thumbnailUrl":"https:\/\/brufaganya.cat\/2020\/wp-content\/uploads\/2018\/11\/MONESTIR-ST-MAGI-BRUFAGANYA-001-790.jpg","keywords":["Brufaganya","Edificacions","Hist\u00f2ria","Monestir"],"articleSection":["Patrimoni arquitect\u00f2nic"],"inLanguage":"ca","potentialAction":[{"@type":"CommentAction","name":"Comment","target":["https:\/\/brufaganya.cat\/2020\/monestir-de-sant-magi-de-la-brufaganya\/#respond"]}]},{"@type":"WebPage","@id":"https:\/\/brufaganya.cat\/2020\/monestir-de-sant-magi-de-la-brufaganya\/","url":"https:\/\/brufaganya.cat\/2020\/monestir-de-sant-magi-de-la-brufaganya\/","name":"Convent de Sant Mag\u00ed de la Brufaganya &#187; Sant Mag\u00ed de la Brufaganya","isPartOf":{"@id":"https:\/\/brufaganya.cat\/2020\/#website"},"primaryImageOfPage":{"@id":"https:\/\/brufaganya.cat\/2020\/monestir-de-sant-magi-de-la-brufaganya\/#primaryimage"},"image":{"@id":"https:\/\/brufaganya.cat\/2020\/monestir-de-sant-magi-de-la-brufaganya\/#primaryimage"},"thumbnailUrl":"https:\/\/brufaganya.cat\/2020\/wp-content\/uploads\/2018\/11\/MONESTIR-ST-MAGI-BRUFAGANYA-001-790.jpg","datePublished":"2018-10-21T14:23:25+00:00","dateModified":"2024-10-11T17:17:54+00:00","breadcrumb":{"@id":"https:\/\/brufaganya.cat\/2020\/monestir-de-sant-magi-de-la-brufaganya\/#breadcrumb"},"inLanguage":"ca","potentialAction":[{"@type":"ReadAction","target":["https:\/\/brufaganya.cat\/2020\/monestir-de-sant-magi-de-la-brufaganya\/"]}]},{"@type":"ImageObject","inLanguage":"ca","@id":"https:\/\/brufaganya.cat\/2020\/monestir-de-sant-magi-de-la-brufaganya\/#primaryimage","url":"https:\/\/brufaganya.cat\/2020\/wp-content\/uploads\/2018\/11\/MONESTIR-ST-MAGI-BRUFAGANYA-001-790.jpg","contentUrl":"https:\/\/brufaganya.cat\/2020\/wp-content\/uploads\/2018\/11\/MONESTIR-ST-MAGI-BRUFAGANYA-001-790.jpg","width":790,"height":444},{"@type":"BreadcrumbList","@id":"https:\/\/brufaganya.cat\/2020\/monestir-de-sant-magi-de-la-brufaganya\/#breadcrumb","itemListElement":[{"@type":"ListItem","position":1,"name":"Inici","item":"https:\/\/brufaganya.cat\/2020\/"},{"@type":"ListItem","position":2,"name":"Convent de Sant Mag\u00ed de la Brufaganya"}]},{"@type":"WebSite","@id":"https:\/\/brufaganya.cat\/2020\/#website","url":"https:\/\/brufaganya.cat\/2020\/","name":"Sant Mag\u00ed de la Brufaganya","description":"Lloc web de Sant Mag\u00ed de la Brufaganya","publisher":{"@id":"https:\/\/brufaganya.cat\/2020\/#organization"},"potentialAction":[{"@type":"SearchAction","target":{"@type":"EntryPoint","urlTemplate":"https:\/\/brufaganya.cat\/2020\/?s={search_term_string}"},"query-input":{"@type":"PropertyValueSpecification","valueRequired":true,"valueName":"search_term_string"}}],"inLanguage":"ca"},{"@type":"Organization","@id":"https:\/\/brufaganya.cat\/2020\/#organization","name":"Sant Mag\u00ed de Brufaganya","url":"https:\/\/brufaganya.cat\/2020\/","logo":{"@type":"ImageObject","inLanguage":"ca","@id":"https:\/\/brufaganya.cat\/2020\/#\/schema\/logo\/image\/","url":"https:\/\/brufaganya.cat\/2020\/wp-content\/uploads\/2018\/11\/st_marti_bruga_horitz_posi_logo.jpg","contentUrl":"https:\/\/brufaganya.cat\/2020\/wp-content\/uploads\/2018\/11\/st_marti_bruga_horitz_posi_logo.jpg","width":1479,"height":804,"caption":"Sant Mag\u00ed de Brufaganya"},"image":{"@id":"https:\/\/brufaganya.cat\/2020\/#\/schema\/logo\/image\/"},"sameAs":["https:\/\/ca.wikipedia.org\/wiki\/Sant_Mag\u00ed_de_Brufaganya"]},{"@type":"Person","@id":"https:\/\/brufaganya.cat\/2020\/#\/schema\/person\/84a9265bdc1f63dd908765d806451e1a","name":"Brufaganya","image":{"@type":"ImageObject","inLanguage":"ca","@id":"https:\/\/secure.gravatar.com\/avatar\/a2d7e40e89d467ba5c5c4e1af71c136746d5598b73f538e3a263e569bf4b4666?s=96&d=mm&r=g","url":"https:\/\/secure.gravatar.com\/avatar\/a2d7e40e89d467ba5c5c4e1af71c136746d5598b73f538e3a263e569bf4b4666?s=96&d=mm&r=g","contentUrl":"https:\/\/secure.gravatar.com\/avatar\/a2d7e40e89d467ba5c5c4e1af71c136746d5598b73f538e3a263e569bf4b4666?s=96&d=mm&r=g","caption":"Brufaganya"},"url":"https:\/\/brufaganya.cat\/2020\/author\/brufaganya\/"}]}},"_links":{"self":[{"href":"https:\/\/brufaganya.cat\/2020\/wp-json\/wp\/v2\/posts\/2738","targetHints":{"allow":["GET"]}}],"collection":[{"href":"https:\/\/brufaganya.cat\/2020\/wp-json\/wp\/v2\/posts"}],"about":[{"href":"https:\/\/brufaganya.cat\/2020\/wp-json\/wp\/v2\/types\/post"}],"author":[{"embeddable":true,"href":"https:\/\/brufaganya.cat\/2020\/wp-json\/wp\/v2\/users\/1"}],"replies":[{"embeddable":true,"href":"https:\/\/brufaganya.cat\/2020\/wp-json\/wp\/v2\/comments?post=2738"}],"version-history":[{"count":0,"href":"https:\/\/brufaganya.cat\/2020\/wp-json\/wp\/v2\/posts\/2738\/revisions"}],"wp:featuredmedia":[{"embeddable":true,"href":"https:\/\/brufaganya.cat\/2020\/wp-json\/wp\/v2\/media\/2740"}],"wp:attachment":[{"href":"https:\/\/brufaganya.cat\/2020\/wp-json\/wp\/v2\/media?parent=2738"}],"wp:term":[{"taxonomy":"category","embeddable":true,"href":"https:\/\/brufaganya.cat\/2020\/wp-json\/wp\/v2\/categories?post=2738"},{"taxonomy":"post_tag","embeddable":true,"href":"https:\/\/brufaganya.cat\/2020\/wp-json\/wp\/v2\/tags?post=2738"}],"curies":[{"name":"wp","href":"https:\/\/api.w.org\/{rel}","templated":true}]}}